{"id":1664,"date":"2025-09-19T11:15:00","date_gmt":"2025-09-19T09:15:00","guid":{"rendered":"https:\/\/andre-evard.de\/non-categorise\/composition-cristalline-1926\/"},"modified":"2025-10-12T20:50:55","modified_gmt":"2025-10-12T18:50:55","slug":"composition-cristalline-1926","status":"publish","type":"post","link":"http:\/\/andre-evard.de\/fr\/concret-constructif\/composition-cristalline-1926\/","title":{"rendered":"Composition (cristalline), 1926"},"content":{"rendered":"\n<div class=\"wp-block-columns is-layout-flex wp-container-core-columns-is-layout-28f84493 wp-block-columns-is-layout-flex\">\n<div class=\"wp-block-column is-layout-flow wp-block-column-is-layout-flow\">\n<figure class=\"wp-block-image size-large\"><img fetchpriority=\"high\" decoding=\"async\" width=\"1013\" height=\"1024\" src=\"https:\/\/andre-evard.de\/wp-content\/uploads\/2025\/06\/JM1522_Andre-Evard_Komposition-kristallin_1921_45x45cm-1013x1024.jpg\" alt=\"\" class=\"wp-image-1138\" srcset=\"http:\/\/andre-evard.de\/wp-content\/uploads\/2025\/06\/JM1522_Andre-Evard_Komposition-kristallin_1921_45x45cm-1013x1024.jpg 1013w, http:\/\/andre-evard.de\/wp-content\/uploads\/2025\/06\/JM1522_Andre-Evard_Komposition-kristallin_1921_45x45cm-297x300.jpg 297w, http:\/\/andre-evard.de\/wp-content\/uploads\/2025\/06\/JM1522_Andre-Evard_Komposition-kristallin_1921_45x45cm-768x776.jpg 768w, http:\/\/andre-evard.de\/wp-content\/uploads\/2025\/06\/JM1522_Andre-Evard_Komposition-kristallin_1921_45x45cm-1519x1536.jpg 1519w, http:\/\/andre-evard.de\/wp-content\/uploads\/2025\/06\/JM1522_Andre-Evard_Komposition-kristallin_1921_45x45cm.jpg 1920w\" sizes=\"(max-width: 1013px) 100vw, 1013px\" \/><\/figure>\n<\/div>\n\n\n\n<div class=\"wp-block-column is-layout-flow wp-block-column-is-layout-flow\">\n<figure class=\"wp-block-image size-full\"><img decoding=\"async\" width=\"1012\" height=\"1052\" src=\"https:\/\/andre-evard.de\/wp-content\/uploads\/2025\/05\/Komposition-kristallin-2.jpg\" alt=\"\" class=\"wp-image-427\" srcset=\"http:\/\/andre-evard.de\/wp-content\/uploads\/2025\/05\/Komposition-kristallin-2.jpg 1012w, http:\/\/andre-evard.de\/wp-content\/uploads\/2025\/05\/Komposition-kristallin-2-289x300.jpg 289w, http:\/\/andre-evard.de\/wp-content\/uploads\/2025\/05\/Komposition-kristallin-2-985x1024.jpg 985w, http:\/\/andre-evard.de\/wp-content\/uploads\/2025\/05\/Komposition-kristallin-2-768x798.jpg 768w\" sizes=\"(max-width: 1012px) 100vw, 1012px\" \/><\/figure>\n<\/div>\n\n\n\n<div class=\"wp-block-column is-layout-flow wp-block-column-is-layout-flow\">\n<figure class=\"wp-block-image size-full\"><img decoding=\"async\" width=\"1920\" height=\"1918\" src=\"https:\/\/andre-evard.de\/wp-content\/uploads\/2025\/06\/JM1524_Andre-Evard_Komposition-kristallin_1926_45x448cm.jpg\" alt=\"\" class=\"wp-image-1137\" srcset=\"http:\/\/andre-evard.de\/wp-content\/uploads\/2025\/06\/JM1524_Andre-Evard_Komposition-kristallin_1926_45x448cm.jpg 1920w, http:\/\/andre-evard.de\/wp-content\/uploads\/2025\/06\/JM1524_Andre-Evard_Komposition-kristallin_1926_45x448cm-300x300.jpg 300w, http:\/\/andre-evard.de\/wp-content\/uploads\/2025\/06\/JM1524_Andre-Evard_Komposition-kristallin_1926_45x448cm-1024x1024.jpg 1024w, http:\/\/andre-evard.de\/wp-content\/uploads\/2025\/06\/JM1524_Andre-Evard_Komposition-kristallin_1926_45x448cm-150x150.jpg 150w, http:\/\/andre-evard.de\/wp-content\/uploads\/2025\/06\/JM1524_Andre-Evard_Komposition-kristallin_1926_45x448cm-768x767.jpg 768w, http:\/\/andre-evard.de\/wp-content\/uploads\/2025\/06\/JM1524_Andre-Evard_Komposition-kristallin_1926_45x448cm-1536x1534.jpg 1536w\" sizes=\"(max-width: 1920px) 100vw, 1920px\" \/><\/figure>\n<\/div>\n<\/div>\n\n<p><strong>JM1522, JM1523, JM1524 Composition (cristalline), 1926, 45 x 45 cm, huile sur panneau de fibres dur (1-3)<\/strong><\/p>\n\n<p>Cette composition color\u00e9e de 1925 se dresse devant un fond rouge monochrome. Elle fait partie d&rsquo;une s\u00e9rie de trois tableaux dans lesquels Evard reprend le m\u00eame motif, mais choisit diff\u00e9rentes couleurs. De plus, il existe une \u00e9troite parent\u00e9 avec la s\u00e9rie Symphonia. Pour ce tableau, Evard utilise une riche palette de couleurs. Les tons noirs et bleu fonc\u00e9 cr\u00e9ent des contrastes vifs avec les tons jaune et orange clairs. Comme c&rsquo;est typique de la phase constructiviste d&rsquo;Evard, il divise le tableau en formes g\u00e9om\u00e9triques clairement d\u00e9limit\u00e9es qui, dans cette composition, conduisent \u00e0 une structure d&rsquo;image complexe. Sur le c\u00f4t\u00e9 droit du tableau, les contours de deux verres sont encore reconnaissables et rappellent que les \u0153uvres d&rsquo;Evard ont trouv\u00e9 leur point de d\u00e9part dans la nature morte. Dans les ann\u00e9es 1920, la repr\u00e9sentation de l&rsquo;objet c\u00e8de la place \u00e0 une dissolution en formes, ce qui permet \u00e0 Evard de rejoindre les rangs des artistes cubistes et de l&rsquo;avant-garde artistique.        <\/p>\n","protected":false},"excerpt":{"rendered":"<p>Composition (cristalline), 1926, huile sur bois, 45 x 45 cm<\/p>\n","protected":false},"author":1,"featured_media":1665,"comment_status":"closed","ping_status":"closed","sticky":false,"template":"","format":"standard","meta":{"iawp_total_views":1,"footnotes":""},"categories":[32],"tags":[],"class_list":["post-1664","post","type-post","status-publish","format-standard","has-post-thumbnail","hentry","category-concret-constructif"],"yoast_head":"<!-- This site is optimized with the Yoast SEO plugin v27.5 - https:\/\/yoast.com\/product\/yoast-seo-wordpress\/ -->\n<title>Composition (cristalline), 1926 - Andr\u00e9 Evard<\/title>\n<meta name=\"robots\" content=\"index, follow, max-snippet:-1, max-image-preview:large, max-video-preview:-1\" \/>\n<link rel=\"canonical\" href=\"http:\/\/andre-evard.de\/fr\/concret-constructif\/composition-cristalline-1926\/\" \/>\n<meta property=\"og:locale\" content=\"fr_FR\" \/>\n<meta property=\"og:type\" content=\"article\" \/>\n<meta property=\"og:title\" content=\"Composition (cristalline), 1926 - Andr\u00e9 Evard\" \/>\n<meta property=\"og:description\" content=\"Composition (cristalline), 1926, huile sur bois, 45 x 45 cm\" \/>\n<meta property=\"og:url\" content=\"http:\/\/andre-evard.de\/fr\/concret-constructif\/composition-cristalline-1926\/\" \/>\n<meta property=\"og:site_name\" content=\"Andr\u00e9 Evard\" \/>\n<meta property=\"article:published_time\" content=\"2025-09-19T09:15:00+00:00\" \/>\n<meta property=\"article:modified_time\" content=\"2025-10-12T18:50:55+00:00\" \/>\n<meta property=\"og:image\" content=\"http:\/\/andre-evard.de\/wp-content\/uploads\/2025\/06\/JM1522_Andre-Evard_Komposition-kristallin_1921_45x45cm.jpg\" \/>\n\t<meta property=\"og:image:width\" content=\"1920\" \/>\n\t<meta property=\"og:image:height\" content=\"1941\" \/>\n\t<meta property=\"og:image:type\" content=\"image\/jpeg\" \/>\n<meta name=\"author\" content=\"ErikLachfeld\" \/>\n<meta name=\"twitter:card\" content=\"summary_large_image\" \/>\n<meta name=\"twitter:label1\" content=\"\u00c9crit par\" \/>\n\t<meta name=\"twitter:data1\" content=\"ErikLachfeld\" \/>\n\t<meta name=\"twitter:label2\" content=\"Dur\u00e9e de lecture estim\u00e9e\" \/>\n\t<meta name=\"twitter:data2\" content=\"1 minute\" \/>\n<script type=\"application\/ld+json\" class=\"yoast-schema-graph\">{\"@context\":\"https:\\\/\\\/schema.org\",\"@graph\":[{\"@type\":\"Article\",\"@id\":\"http:\\\/\\\/andre-evard.de\\\/fr\\\/concret-constructif\\\/composition-cristalline-1926\\\/#article\",\"isPartOf\":{\"@id\":\"http:\\\/\\\/andre-evard.de\\\/fr\\\/concret-constructif\\\/composition-cristalline-1926\\\/\"},\"author\":{\"name\":\"ErikLachfeld\",\"@id\":\"http:\\\/\\\/andre-evard.de\\\/fr\\\/#\\\/schema\\\/person\\\/94d070d67cd77c7e59d02b583a104044\"},\"headline\":\"Composition (cristalline), 1926\",\"datePublished\":\"2025-09-19T09:15:00+00:00\",\"dateModified\":\"2025-10-12T18:50:55+00:00\",\"mainEntityOfPage\":{\"@id\":\"http:\\\/\\\/andre-evard.de\\\/fr\\\/concret-constructif\\\/composition-cristalline-1926\\\/\"},\"wordCount\":191,\"publisher\":{\"@id\":\"http:\\\/\\\/andre-evard.de\\\/fr\\\/#organization\"},\"image\":{\"@id\":\"http:\\\/\\\/andre-evard.de\\\/fr\\\/concret-constructif\\\/composition-cristalline-1926\\\/#primaryimage\"},\"thumbnailUrl\":\"http:\\\/\\\/andre-evard.de\\\/wp-content\\\/uploads\\\/2025\\\/06\\\/JM1522_Andre-Evard_Komposition-kristallin_1921_45x45cm.jpg\",\"articleSection\":[\"Concret-Constructif\"],\"inLanguage\":\"fr-FR\"},{\"@type\":\"WebPage\",\"@id\":\"http:\\\/\\\/andre-evard.de\\\/fr\\\/concret-constructif\\\/composition-cristalline-1926\\\/\",\"url\":\"http:\\\/\\\/andre-evard.de\\\/fr\\\/concret-constructif\\\/composition-cristalline-1926\\\/\",\"name\":\"Composition (cristalline), 1926 - Andr\u00e9 Evard\",\"isPartOf\":{\"@id\":\"http:\\\/\\\/andre-evard.de\\\/fr\\\/#website\"},\"primaryImageOfPage\":{\"@id\":\"http:\\\/\\\/andre-evard.de\\\/fr\\\/concret-constructif\\\/composition-cristalline-1926\\\/#primaryimage\"},\"image\":{\"@id\":\"http:\\\/\\\/andre-evard.de\\\/fr\\\/concret-constructif\\\/composition-cristalline-1926\\\/#primaryimage\"},\"thumbnailUrl\":\"http:\\\/\\\/andre-evard.de\\\/wp-content\\\/uploads\\\/2025\\\/06\\\/JM1522_Andre-Evard_Komposition-kristallin_1921_45x45cm.jpg\",\"datePublished\":\"2025-09-19T09:15:00+00:00\",\"dateModified\":\"2025-10-12T18:50:55+00:00\",\"breadcrumb\":{\"@id\":\"http:\\\/\\\/andre-evard.de\\\/fr\\\/concret-constructif\\\/composition-cristalline-1926\\\/#breadcrumb\"},\"inLanguage\":\"fr-FR\",\"potentialAction\":[{\"@type\":\"ReadAction\",\"target\":[\"http:\\\/\\\/andre-evard.de\\\/fr\\\/concret-constructif\\\/composition-cristalline-1926\\\/\"]}]},{\"@type\":\"ImageObject\",\"inLanguage\":\"fr-FR\",\"@id\":\"http:\\\/\\\/andre-evard.de\\\/fr\\\/concret-constructif\\\/composition-cristalline-1926\\\/#primaryimage\",\"url\":\"http:\\\/\\\/andre-evard.de\\\/wp-content\\\/uploads\\\/2025\\\/06\\\/JM1522_Andre-Evard_Komposition-kristallin_1921_45x45cm.jpg\",\"contentUrl\":\"http:\\\/\\\/andre-evard.de\\\/wp-content\\\/uploads\\\/2025\\\/06\\\/JM1522_Andre-Evard_Komposition-kristallin_1921_45x45cm.jpg\",\"width\":1920,\"height\":1941},{\"@type\":\"BreadcrumbList\",\"@id\":\"http:\\\/\\\/andre-evard.de\\\/fr\\\/concret-constructif\\\/composition-cristalline-1926\\\/#breadcrumb\",\"itemListElement\":[{\"@type\":\"ListItem\",\"position\":1,\"name\":\"Accueil\",\"item\":\"https:\\\/\\\/andre-evard.de\\\/fr\\\/\"},{\"@type\":\"ListItem\",\"position\":2,\"name\":\"Composition (cristalline), 1926\"}]},{\"@type\":\"WebSite\",\"@id\":\"http:\\\/\\\/andre-evard.de\\\/fr\\\/#website\",\"url\":\"http:\\\/\\\/andre-evard.de\\\/fr\\\/\",\"name\":\"Andr\u00e9 Evard\",\"description\":\"\",\"publisher\":{\"@id\":\"http:\\\/\\\/andre-evard.de\\\/fr\\\/#organization\"},\"potentialAction\":[{\"@type\":\"SearchAction\",\"target\":{\"@type\":\"EntryPoint\",\"urlTemplate\":\"http:\\\/\\\/andre-evard.de\\\/fr\\\/?s={search_term_string}\"},\"query-input\":{\"@type\":\"PropertyValueSpecification\",\"valueRequired\":true,\"valueName\":\"search_term_string\"}}],\"inLanguage\":\"fr-FR\"},{\"@type\":\"Organization\",\"@id\":\"http:\\\/\\\/andre-evard.de\\\/fr\\\/#organization\",\"name\":\"Andr\u00e9 Evard\",\"url\":\"http:\\\/\\\/andre-evard.de\\\/fr\\\/\",\"logo\":{\"@type\":\"ImageObject\",\"inLanguage\":\"fr-FR\",\"@id\":\"http:\\\/\\\/andre-evard.de\\\/fr\\\/#\\\/schema\\\/logo\\\/image\\\/\",\"url\":\"http:\\\/\\\/andre-evard.de\\\/wp-content\\\/uploads\\\/2025\\\/04\\\/Logo-AE-Black.svg\",\"contentUrl\":\"http:\\\/\\\/andre-evard.de\\\/wp-content\\\/uploads\\\/2025\\\/04\\\/Logo-AE-Black.svg\",\"width\":140,\"height\":30,\"caption\":\"Andr\u00e9 Evard\"},\"image\":{\"@id\":\"http:\\\/\\\/andre-evard.de\\\/fr\\\/#\\\/schema\\\/logo\\\/image\\\/\"}},{\"@type\":\"Person\",\"@id\":\"http:\\\/\\\/andre-evard.de\\\/fr\\\/#\\\/schema\\\/person\\\/94d070d67cd77c7e59d02b583a104044\",\"name\":\"ErikLachfeld\",\"image\":{\"@type\":\"ImageObject\",\"inLanguage\":\"fr-FR\",\"@id\":\"https:\\\/\\\/secure.gravatar.com\\\/avatar\\\/d5d42cc40010ba9998f57d7cebaf2952e1274f5c452ff570f85bbee0f9ecb43a?s=96&d=mm&r=g\",\"url\":\"https:\\\/\\\/secure.gravatar.com\\\/avatar\\\/d5d42cc40010ba9998f57d7cebaf2952e1274f5c452ff570f85bbee0f9ecb43a?s=96&d=mm&r=g\",\"contentUrl\":\"https:\\\/\\\/secure.gravatar.com\\\/avatar\\\/d5d42cc40010ba9998f57d7cebaf2952e1274f5c452ff570f85bbee0f9ecb43a?s=96&d=mm&r=g\",\"caption\":\"ErikLachfeld\"},\"sameAs\":[\"https:\\\/\\\/andre-evard.de\"],\"url\":\"http:\\\/\\\/andre-evard.de\\\/fr\\\/author\\\/eriklachfeld\\\/\"}]}<\/script>\n<!-- \/ Yoast SEO plugin. -->","yoast_head_json":{"title":"Composition (cristalline), 1926 - Andr\u00e9 Evard","robots":{"index":"index","follow":"follow","max-snippet":"max-snippet:-1","max-image-preview":"max-image-preview:large","max-video-preview":"max-video-preview:-1"},"canonical":"http:\/\/andre-evard.de\/fr\/concret-constructif\/composition-cristalline-1926\/","og_locale":"fr_FR","og_type":"article","og_title":"Composition (cristalline), 1926 - Andr\u00e9 Evard","og_description":"Composition (cristalline), 1926, huile sur bois, 45 x 45 cm","og_url":"http:\/\/andre-evard.de\/fr\/concret-constructif\/composition-cristalline-1926\/","og_site_name":"Andr\u00e9 Evard","article_published_time":"2025-09-19T09:15:00+00:00","article_modified_time":"2025-10-12T18:50:55+00:00","og_image":[{"width":1920,"height":1941,"url":"http:\/\/andre-evard.de\/wp-content\/uploads\/2025\/06\/JM1522_Andre-Evard_Komposition-kristallin_1921_45x45cm.jpg","type":"image\/jpeg"}],"author":"ErikLachfeld","twitter_card":"summary_large_image","twitter_misc":{"\u00c9crit par":"ErikLachfeld","Dur\u00e9e de lecture estim\u00e9e":"1 minute"},"schema":{"@context":"https:\/\/schema.org","@graph":[{"@type":"Article","@id":"http:\/\/andre-evard.de\/fr\/concret-constructif\/composition-cristalline-1926\/#article","isPartOf":{"@id":"http:\/\/andre-evard.de\/fr\/concret-constructif\/composition-cristalline-1926\/"},"author":{"name":"ErikLachfeld","@id":"http:\/\/andre-evard.de\/fr\/#\/schema\/person\/94d070d67cd77c7e59d02b583a104044"},"headline":"Composition (cristalline), 1926","datePublished":"2025-09-19T09:15:00+00:00","dateModified":"2025-10-12T18:50:55+00:00","mainEntityOfPage":{"@id":"http:\/\/andre-evard.de\/fr\/concret-constructif\/composition-cristalline-1926\/"},"wordCount":191,"publisher":{"@id":"http:\/\/andre-evard.de\/fr\/#organization"},"image":{"@id":"http:\/\/andre-evard.de\/fr\/concret-constructif\/composition-cristalline-1926\/#primaryimage"},"thumbnailUrl":"http:\/\/andre-evard.de\/wp-content\/uploads\/2025\/06\/JM1522_Andre-Evard_Komposition-kristallin_1921_45x45cm.jpg","articleSection":["Concret-Constructif"],"inLanguage":"fr-FR"},{"@type":"WebPage","@id":"http:\/\/andre-evard.de\/fr\/concret-constructif\/composition-cristalline-1926\/","url":"http:\/\/andre-evard.de\/fr\/concret-constructif\/composition-cristalline-1926\/","name":"Composition (cristalline), 1926 - Andr\u00e9 Evard","isPartOf":{"@id":"http:\/\/andre-evard.de\/fr\/#website"},"primaryImageOfPage":{"@id":"http:\/\/andre-evard.de\/fr\/concret-constructif\/composition-cristalline-1926\/#primaryimage"},"image":{"@id":"http:\/\/andre-evard.de\/fr\/concret-constructif\/composition-cristalline-1926\/#primaryimage"},"thumbnailUrl":"http:\/\/andre-evard.de\/wp-content\/uploads\/2025\/06\/JM1522_Andre-Evard_Komposition-kristallin_1921_45x45cm.jpg","datePublished":"2025-09-19T09:15:00+00:00","dateModified":"2025-10-12T18:50:55+00:00","breadcrumb":{"@id":"http:\/\/andre-evard.de\/fr\/concret-constructif\/composition-cristalline-1926\/#breadcrumb"},"inLanguage":"fr-FR","potentialAction":[{"@type":"ReadAction","target":["http:\/\/andre-evard.de\/fr\/concret-constructif\/composition-cristalline-1926\/"]}]},{"@type":"ImageObject","inLanguage":"fr-FR","@id":"http:\/\/andre-evard.de\/fr\/concret-constructif\/composition-cristalline-1926\/#primaryimage","url":"http:\/\/andre-evard.de\/wp-content\/uploads\/2025\/06\/JM1522_Andre-Evard_Komposition-kristallin_1921_45x45cm.jpg","contentUrl":"http:\/\/andre-evard.de\/wp-content\/uploads\/2025\/06\/JM1522_Andre-Evard_Komposition-kristallin_1921_45x45cm.jpg","width":1920,"height":1941},{"@type":"BreadcrumbList","@id":"http:\/\/andre-evard.de\/fr\/concret-constructif\/composition-cristalline-1926\/#breadcrumb","itemListElement":[{"@type":"ListItem","position":1,"name":"Accueil","item":"https:\/\/andre-evard.de\/fr\/"},{"@type":"ListItem","position":2,"name":"Composition (cristalline), 1926"}]},{"@type":"WebSite","@id":"http:\/\/andre-evard.de\/fr\/#website","url":"http:\/\/andre-evard.de\/fr\/","name":"Andr\u00e9 Evard","description":"","publisher":{"@id":"http:\/\/andre-evard.de\/fr\/#organization"},"potentialAction":[{"@type":"SearchAction","target":{"@type":"EntryPoint","urlTemplate":"http:\/\/andre-evard.de\/fr\/?s={search_term_string}"},"query-input":{"@type":"PropertyValueSpecification","valueRequired":true,"valueName":"search_term_string"}}],"inLanguage":"fr-FR"},{"@type":"Organization","@id":"http:\/\/andre-evard.de\/fr\/#organization","name":"Andr\u00e9 Evard","url":"http:\/\/andre-evard.de\/fr\/","logo":{"@type":"ImageObject","inLanguage":"fr-FR","@id":"http:\/\/andre-evard.de\/fr\/#\/schema\/logo\/image\/","url":"http:\/\/andre-evard.de\/wp-content\/uploads\/2025\/04\/Logo-AE-Black.svg","contentUrl":"http:\/\/andre-evard.de\/wp-content\/uploads\/2025\/04\/Logo-AE-Black.svg","width":140,"height":30,"caption":"Andr\u00e9 Evard"},"image":{"@id":"http:\/\/andre-evard.de\/fr\/#\/schema\/logo\/image\/"}},{"@type":"Person","@id":"http:\/\/andre-evard.de\/fr\/#\/schema\/person\/94d070d67cd77c7e59d02b583a104044","name":"ErikLachfeld","image":{"@type":"ImageObject","inLanguage":"fr-FR","@id":"https:\/\/secure.gravatar.com\/avatar\/d5d42cc40010ba9998f57d7cebaf2952e1274f5c452ff570f85bbee0f9ecb43a?s=96&d=mm&r=g","url":"https:\/\/secure.gravatar.com\/avatar\/d5d42cc40010ba9998f57d7cebaf2952e1274f5c452ff570f85bbee0f9ecb43a?s=96&d=mm&r=g","contentUrl":"https:\/\/secure.gravatar.com\/avatar\/d5d42cc40010ba9998f57d7cebaf2952e1274f5c452ff570f85bbee0f9ecb43a?s=96&d=mm&r=g","caption":"ErikLachfeld"},"sameAs":["https:\/\/andre-evard.de"],"url":"http:\/\/andre-evard.de\/fr\/author\/eriklachfeld\/"}]}},"_links":{"self":[{"href":"http:\/\/andre-evard.de\/fr\/wp-json\/wp\/v2\/posts\/1664","targetHints":{"allow":["GET"]}}],"collection":[{"href":"http:\/\/andre-evard.de\/fr\/wp-json\/wp\/v2\/posts"}],"about":[{"href":"http:\/\/andre-evard.de\/fr\/wp-json\/wp\/v2\/types\/post"}],"author":[{"embeddable":true,"href":"http:\/\/andre-evard.de\/fr\/wp-json\/wp\/v2\/users\/1"}],"replies":[{"embeddable":true,"href":"http:\/\/andre-evard.de\/fr\/wp-json\/wp\/v2\/comments?post=1664"}],"version-history":[{"count":1,"href":"http:\/\/andre-evard.de\/fr\/wp-json\/wp\/v2\/posts\/1664\/revisions"}],"predecessor-version":[{"id":1666,"href":"http:\/\/andre-evard.de\/fr\/wp-json\/wp\/v2\/posts\/1664\/revisions\/1666"}],"wp:featuredmedia":[{"embeddable":true,"href":"http:\/\/andre-evard.de\/fr\/wp-json\/wp\/v2\/media\/1665"}],"wp:attachment":[{"href":"http:\/\/andre-evard.de\/fr\/wp-json\/wp\/v2\/media?parent=1664"}],"wp:term":[{"taxonomy":"category","embeddable":true,"href":"http:\/\/andre-evard.de\/fr\/wp-json\/wp\/v2\/categories?post=1664"},{"taxonomy":"post_tag","embeddable":true,"href":"http:\/\/andre-evard.de\/fr\/wp-json\/wp\/v2\/tags?post=1664"}],"curies":[{"name":"wp","href":"https:\/\/api.w.org\/{rel}","templated":true}]}}