{"id":2134,"date":"2025-04-15T18:18:07","date_gmt":"2025-04-15T16:18:07","guid":{"rendered":"https:\/\/andre-evard.de\/non-categorise\/fleurs-de-cerisier-et-eglise-1913\/"},"modified":"2025-10-12T20:58:34","modified_gmt":"2025-10-12T18:58:34","slug":"fleurs-de-cerisier-et-eglise-1913","status":"publish","type":"post","link":"http:\/\/andre-evard.de\/fr\/art-nouveau\/fleurs-de-cerisier-et-eglise-1913\/","title":{"rendered":"Fleurs de cerisier et \u00e9glise, 1913"},"content":{"rendered":"\n<p>On peut y voir une <strong>repr\u00e9sentation de paysage<\/strong> qui se consacre aux <strong>cerisiers en pleine floraison<\/strong> au milieu d&rsquo;une prairie fleurie.<\/p>\n\n<p>Les p\u00e9tales des arbres changent de couleurs, allant de <strong>tons rouges<\/strong> riches \u00e0 de <strong>d\u00e9licates teintes blanc ros\u00e9<\/strong>. Celles-ci sont repr\u00e9sent\u00e9es de mani\u00e8re pointilliste et emp\u00e2t\u00e9e dans la prairie et les arbres. <\/p>\n\n<p>Au loin, s&rsquo;\u00e9tend un village bord\u00e9 d&rsquo;arbres et de montagnes. Au centre, on reconna\u00eet une \u00e9glise, identifiable \u00e0 son clocher dont la couleur et la forme se distinguent.<br\/>Le clocher, imposant et puissant, se dresse hors de cette sc\u00e8ne. Tel un doigt point\u00e9, il attire le regard vers le ciel et conf\u00e8re ainsi \u00e0 l&rsquo;\u0153uvre une <strong>valeur symbolique<\/strong>. Cette <strong>ligne de vision dirig\u00e9e vers le haut<\/strong> est encore soulign\u00e9e par les <strong>cypr\u00e8s<\/strong> que l&rsquo;on aper\u00e7oit \u00e0 l&rsquo;arri\u00e8re-plan, ainsi que par le placement cibl\u00e9 des <strong>cerisiers au premier plan et \u00e0 l&rsquo;arri\u00e8re-plan<\/strong>.   <\/p>\n\n<p>Ceux-ci constituent \u00e9galement le centre motivique de cette sc\u00e8ne printani\u00e8re. L&rsquo;agencement sym\u00e9trique des arbres, presque en miroir, est plus qu&rsquo;une simple observation du paysage, mais \u2013 comme c&rsquo;est souvent le cas chez Andr\u00e9 Evard \u2013 un <strong>\u00e9l\u00e9ment d\u00e9coratif et ordonnateur<\/strong> qui met en valeur le caract\u00e8re ornemental de ses \u0153uvres. <\/p>\n\n<p>En tant qu&rsquo;\u00e9l\u00e8ve de <strong>Charles L\u2019Eplattenier<\/strong>, un repr\u00e9sentant connu du Style Sapin, les principes d&rsquo;ordre ornemental d&rsquo;Evard sont emprunt\u00e9s \u00e0 la <strong>pens\u00e9e de l&rsquo;Art nouveau<\/strong>.<br\/>Mais Evard a interpr\u00e9t\u00e9 cette approche dans l&rsquo;<strong>esprit de l&rsquo;art moderne<\/strong>. Le ductus du pinceau et le langage des formes ouvrent un caract\u00e8re de plus en plus <strong>expressionniste<\/strong>.<br\/>De nouveau, tout \u00e0 fait \u00e0 la mani\u00e8re des impressionnistes, Evard <strong>\u00e9vitait<\/strong> l&rsquo;<strong>utilisation de la couleur noire<\/strong> et marquait les ombres et les parties sombres par une tonalit\u00e9 bleue correspondante. Fid\u00e8le \u00e0 la conviction des impressionnistes, le Suisse sortait dans la <strong>nature<\/strong> pour pouvoir saisir la v\u00e9ritable couleur et la situation lumineuse de la nature.  <\/p>\n\n<p>Cela ressort \u00e9galement de l&rsquo;une de ses \u0153uvres de 1914, qui montre ce paysage avec le village depuis un point de vue cette fois plus proche : <em>\u00c9glise avec cypr\u00e8s, 1914, huile sur panneau de fibres, 34 x 34 cm<\/em>.<\/p>\n\n<p>Son amour pour le paysage autour de son <strong>lieu d&rsquo;origine, La Chaux de Fonds<\/strong>, devient ici \u00e9vident. En m\u00eame temps, il r\u00e9ussit \u00e0 capturer magistralement l&rsquo;esprit du printemps.<br\/>Souvent, Evard \u00e9tait dans la <strong>nature et se plongeait dans les formes et les couleurs que l&rsquo;on pouvait y voir<\/strong>. Un <strong>amour<\/strong> qui devait l&rsquo;inspirer toute sa vie.  <\/p>\n\n<p><a href=\"https:\/\/www.youtube.com\/watch?v=G1cPTbuCjB8&amp;t=8s\">Vers la vid\u00e9o YouTube<\/a><\/p>\n","protected":false},"excerpt":{"rendered":"<p>Fleurs de cerisier et \u00e9glise,<br \/>\n1913,<br \/>\nhuile sur panneau de fibres,<br \/>\n34 x 34 cm<\/p>\n","protected":false},"author":1,"featured_media":2135,"comment_status":"closed","ping_status":"closed","sticky":false,"template":"","format":"standard","meta":{"iawp_total_views":2,"footnotes":""},"categories":[42],"tags":[],"class_list":["post-2134","post","type-post","status-publish","format-standard","has-post-thumbnail","hentry","category-art-nouveau"],"yoast_head":"<!-- This site is optimized with the Yoast SEO plugin v27.5 - https:\/\/yoast.com\/product\/yoast-seo-wordpress\/ -->\n<title>Fleurs de cerisier et \u00e9glise, 1913 - Andr\u00e9 Evard<\/title>\n<meta name=\"robots\" content=\"index, follow, max-snippet:-1, max-image-preview:large, max-video-preview:-1\" \/>\n<link rel=\"canonical\" href=\"http:\/\/andre-evard.de\/fr\/art-nouveau\/fleurs-de-cerisier-et-eglise-1913\/\" \/>\n<meta property=\"og:locale\" content=\"fr_FR\" \/>\n<meta property=\"og:type\" content=\"article\" \/>\n<meta property=\"og:title\" content=\"Fleurs de cerisier et \u00e9glise, 1913 - Andr\u00e9 Evard\" \/>\n<meta property=\"og:description\" content=\"Fleurs de cerisier et \u00e9glise, 1913, huile sur panneau de fibres, 34 x 34 cm\" \/>\n<meta property=\"og:url\" content=\"http:\/\/andre-evard.de\/fr\/art-nouveau\/fleurs-de-cerisier-et-eglise-1913\/\" \/>\n<meta property=\"og:site_name\" content=\"Andr\u00e9 Evard\" \/>\n<meta property=\"article:published_time\" content=\"2025-04-15T16:18:07+00:00\" \/>\n<meta property=\"article:modified_time\" content=\"2025-10-12T18:58:34+00:00\" \/>\n<meta property=\"og:image\" content=\"http:\/\/andre-evard.de\/wp-content\/uploads\/2025\/04\/Kirschblueten-und-Kirche-scaled.webp\" \/>\n\t<meta property=\"og:image:width\" content=\"1909\" \/>\n\t<meta property=\"og:image:height\" content=\"1920\" \/>\n\t<meta property=\"og:image:type\" content=\"image\/webp\" \/>\n<meta name=\"author\" content=\"ErikLachfeld\" \/>\n<meta name=\"twitter:card\" content=\"summary_large_image\" \/>\n<meta name=\"twitter:label1\" content=\"\u00c9crit par\" \/>\n\t<meta name=\"twitter:data1\" content=\"ErikLachfeld\" \/>\n\t<meta name=\"twitter:label2\" content=\"Dur\u00e9e de lecture estim\u00e9e\" \/>\n\t<meta name=\"twitter:data2\" content=\"2 minutes\" \/>\n<script type=\"application\/ld+json\" class=\"yoast-schema-graph\">{\"@context\":\"https:\\\/\\\/schema.org\",\"@graph\":[{\"@type\":\"Article\",\"@id\":\"http:\\\/\\\/andre-evard.de\\\/fr\\\/art-nouveau\\\/fleurs-de-cerisier-et-eglise-1913\\\/#article\",\"isPartOf\":{\"@id\":\"http:\\\/\\\/andre-evard.de\\\/fr\\\/art-nouveau\\\/fleurs-de-cerisier-et-eglise-1913\\\/\"},\"author\":{\"name\":\"ErikLachfeld\",\"@id\":\"https:\\\/\\\/andre-evard.de\\\/fr\\\/#\\\/schema\\\/person\\\/94d070d67cd77c7e59d02b583a104044\"},\"headline\":\"Fleurs de cerisier et \u00e9glise, 1913\",\"datePublished\":\"2025-04-15T16:18:07+00:00\",\"dateModified\":\"2025-10-12T18:58:34+00:00\",\"mainEntityOfPage\":{\"@id\":\"http:\\\/\\\/andre-evard.de\\\/fr\\\/art-nouveau\\\/fleurs-de-cerisier-et-eglise-1913\\\/\"},\"wordCount\":449,\"publisher\":{\"@id\":\"https:\\\/\\\/andre-evard.de\\\/fr\\\/#organization\"},\"image\":{\"@id\":\"http:\\\/\\\/andre-evard.de\\\/fr\\\/art-nouveau\\\/fleurs-de-cerisier-et-eglise-1913\\\/#primaryimage\"},\"thumbnailUrl\":\"http:\\\/\\\/andre-evard.de\\\/wp-content\\\/uploads\\\/2025\\\/04\\\/Kirschblueten-und-Kirche-scaled.webp\",\"articleSection\":[\"Art nouveau\"],\"inLanguage\":\"fr-FR\"},{\"@type\":\"WebPage\",\"@id\":\"http:\\\/\\\/andre-evard.de\\\/fr\\\/art-nouveau\\\/fleurs-de-cerisier-et-eglise-1913\\\/\",\"url\":\"http:\\\/\\\/andre-evard.de\\\/fr\\\/art-nouveau\\\/fleurs-de-cerisier-et-eglise-1913\\\/\",\"name\":\"Fleurs de cerisier et \u00e9glise, 1913 - Andr\u00e9 Evard\",\"isPartOf\":{\"@id\":\"https:\\\/\\\/andre-evard.de\\\/fr\\\/#website\"},\"primaryImageOfPage\":{\"@id\":\"http:\\\/\\\/andre-evard.de\\\/fr\\\/art-nouveau\\\/fleurs-de-cerisier-et-eglise-1913\\\/#primaryimage\"},\"image\":{\"@id\":\"http:\\\/\\\/andre-evard.de\\\/fr\\\/art-nouveau\\\/fleurs-de-cerisier-et-eglise-1913\\\/#primaryimage\"},\"thumbnailUrl\":\"http:\\\/\\\/andre-evard.de\\\/wp-content\\\/uploads\\\/2025\\\/04\\\/Kirschblueten-und-Kirche-scaled.webp\",\"datePublished\":\"2025-04-15T16:18:07+00:00\",\"dateModified\":\"2025-10-12T18:58:34+00:00\",\"breadcrumb\":{\"@id\":\"http:\\\/\\\/andre-evard.de\\\/fr\\\/art-nouveau\\\/fleurs-de-cerisier-et-eglise-1913\\\/#breadcrumb\"},\"inLanguage\":\"fr-FR\",\"potentialAction\":[{\"@type\":\"ReadAction\",\"target\":[\"http:\\\/\\\/andre-evard.de\\\/fr\\\/art-nouveau\\\/fleurs-de-cerisier-et-eglise-1913\\\/\"]}]},{\"@type\":\"ImageObject\",\"inLanguage\":\"fr-FR\",\"@id\":\"http:\\\/\\\/andre-evard.de\\\/fr\\\/art-nouveau\\\/fleurs-de-cerisier-et-eglise-1913\\\/#primaryimage\",\"url\":\"http:\\\/\\\/andre-evard.de\\\/wp-content\\\/uploads\\\/2025\\\/04\\\/Kirschblueten-und-Kirche-scaled.webp\",\"contentUrl\":\"http:\\\/\\\/andre-evard.de\\\/wp-content\\\/uploads\\\/2025\\\/04\\\/Kirschblueten-und-Kirche-scaled.webp\",\"width\":1909,\"height\":1920},{\"@type\":\"BreadcrumbList\",\"@id\":\"http:\\\/\\\/andre-evard.de\\\/fr\\\/art-nouveau\\\/fleurs-de-cerisier-et-eglise-1913\\\/#breadcrumb\",\"itemListElement\":[{\"@type\":\"ListItem\",\"position\":1,\"name\":\"Accueil\",\"item\":\"http:\\\/\\\/andre-evard.de\\\/fr\\\/\"},{\"@type\":\"ListItem\",\"position\":2,\"name\":\"Fleurs de cerisier et \u00e9glise, 1913\"}]},{\"@type\":\"WebSite\",\"@id\":\"https:\\\/\\\/andre-evard.de\\\/fr\\\/#website\",\"url\":\"https:\\\/\\\/andre-evard.de\\\/fr\\\/\",\"name\":\"Andr\u00e9 Evard\",\"description\":\"\",\"publisher\":{\"@id\":\"https:\\\/\\\/andre-evard.de\\\/fr\\\/#organization\"},\"potentialAction\":[{\"@type\":\"SearchAction\",\"target\":{\"@type\":\"EntryPoint\",\"urlTemplate\":\"https:\\\/\\\/andre-evard.de\\\/fr\\\/?s={search_term_string}\"},\"query-input\":{\"@type\":\"PropertyValueSpecification\",\"valueRequired\":true,\"valueName\":\"search_term_string\"}}],\"inLanguage\":\"fr-FR\"},{\"@type\":\"Organization\",\"@id\":\"https:\\\/\\\/andre-evard.de\\\/fr\\\/#organization\",\"name\":\"Andr\u00e9 Evard\",\"url\":\"https:\\\/\\\/andre-evard.de\\\/fr\\\/\",\"logo\":{\"@type\":\"ImageObject\",\"inLanguage\":\"fr-FR\",\"@id\":\"https:\\\/\\\/andre-evard.de\\\/fr\\\/#\\\/schema\\\/logo\\\/image\\\/\",\"url\":\"http:\\\/\\\/andre-evard.de\\\/wp-content\\\/uploads\\\/2025\\\/04\\\/Logo-AE-Black.svg\",\"contentUrl\":\"http:\\\/\\\/andre-evard.de\\\/wp-content\\\/uploads\\\/2025\\\/04\\\/Logo-AE-Black.svg\",\"width\":140,\"height\":30,\"caption\":\"Andr\u00e9 Evard\"},\"image\":{\"@id\":\"https:\\\/\\\/andre-evard.de\\\/fr\\\/#\\\/schema\\\/logo\\\/image\\\/\"}},{\"@type\":\"Person\",\"@id\":\"https:\\\/\\\/andre-evard.de\\\/fr\\\/#\\\/schema\\\/person\\\/94d070d67cd77c7e59d02b583a104044\",\"name\":\"ErikLachfeld\",\"image\":{\"@type\":\"ImageObject\",\"inLanguage\":\"fr-FR\",\"@id\":\"https:\\\/\\\/secure.gravatar.com\\\/avatar\\\/d5d42cc40010ba9998f57d7cebaf2952e1274f5c452ff570f85bbee0f9ecb43a?s=96&d=mm&r=g\",\"url\":\"https:\\\/\\\/secure.gravatar.com\\\/avatar\\\/d5d42cc40010ba9998f57d7cebaf2952e1274f5c452ff570f85bbee0f9ecb43a?s=96&d=mm&r=g\",\"contentUrl\":\"https:\\\/\\\/secure.gravatar.com\\\/avatar\\\/d5d42cc40010ba9998f57d7cebaf2952e1274f5c452ff570f85bbee0f9ecb43a?s=96&d=mm&r=g\",\"caption\":\"ErikLachfeld\"},\"sameAs\":[\"https:\\\/\\\/andre-evard.de\"],\"url\":\"http:\\\/\\\/andre-evard.de\\\/fr\\\/author\\\/eriklachfeld\\\/\"}]}<\/script>\n<!-- \/ Yoast SEO plugin. -->","yoast_head_json":{"title":"Fleurs de cerisier et \u00e9glise, 1913 - Andr\u00e9 Evard","robots":{"index":"index","follow":"follow","max-snippet":"max-snippet:-1","max-image-preview":"max-image-preview:large","max-video-preview":"max-video-preview:-1"},"canonical":"http:\/\/andre-evard.de\/fr\/art-nouveau\/fleurs-de-cerisier-et-eglise-1913\/","og_locale":"fr_FR","og_type":"article","og_title":"Fleurs de cerisier et \u00e9glise, 1913 - Andr\u00e9 Evard","og_description":"Fleurs de cerisier et \u00e9glise, 1913, huile sur panneau de fibres, 34 x 34 cm","og_url":"http:\/\/andre-evard.de\/fr\/art-nouveau\/fleurs-de-cerisier-et-eglise-1913\/","og_site_name":"Andr\u00e9 Evard","article_published_time":"2025-04-15T16:18:07+00:00","article_modified_time":"2025-10-12T18:58:34+00:00","og_image":[{"width":1909,"height":1920,"url":"http:\/\/andre-evard.de\/wp-content\/uploads\/2025\/04\/Kirschblueten-und-Kirche-scaled.webp","type":"image\/webp"}],"author":"ErikLachfeld","twitter_card":"summary_large_image","twitter_misc":{"\u00c9crit par":"ErikLachfeld","Dur\u00e9e de lecture estim\u00e9e":"2 minutes"},"schema":{"@context":"https:\/\/schema.org","@graph":[{"@type":"Article","@id":"http:\/\/andre-evard.de\/fr\/art-nouveau\/fleurs-de-cerisier-et-eglise-1913\/#article","isPartOf":{"@id":"http:\/\/andre-evard.de\/fr\/art-nouveau\/fleurs-de-cerisier-et-eglise-1913\/"},"author":{"name":"ErikLachfeld","@id":"https:\/\/andre-evard.de\/fr\/#\/schema\/person\/94d070d67cd77c7e59d02b583a104044"},"headline":"Fleurs de cerisier et \u00e9glise, 1913","datePublished":"2025-04-15T16:18:07+00:00","dateModified":"2025-10-12T18:58:34+00:00","mainEntityOfPage":{"@id":"http:\/\/andre-evard.de\/fr\/art-nouveau\/fleurs-de-cerisier-et-eglise-1913\/"},"wordCount":449,"publisher":{"@id":"https:\/\/andre-evard.de\/fr\/#organization"},"image":{"@id":"http:\/\/andre-evard.de\/fr\/art-nouveau\/fleurs-de-cerisier-et-eglise-1913\/#primaryimage"},"thumbnailUrl":"http:\/\/andre-evard.de\/wp-content\/uploads\/2025\/04\/Kirschblueten-und-Kirche-scaled.webp","articleSection":["Art nouveau"],"inLanguage":"fr-FR"},{"@type":"WebPage","@id":"http:\/\/andre-evard.de\/fr\/art-nouveau\/fleurs-de-cerisier-et-eglise-1913\/","url":"http:\/\/andre-evard.de\/fr\/art-nouveau\/fleurs-de-cerisier-et-eglise-1913\/","name":"Fleurs de cerisier et \u00e9glise, 1913 - Andr\u00e9 Evard","isPartOf":{"@id":"https:\/\/andre-evard.de\/fr\/#website"},"primaryImageOfPage":{"@id":"http:\/\/andre-evard.de\/fr\/art-nouveau\/fleurs-de-cerisier-et-eglise-1913\/#primaryimage"},"image":{"@id":"http:\/\/andre-evard.de\/fr\/art-nouveau\/fleurs-de-cerisier-et-eglise-1913\/#primaryimage"},"thumbnailUrl":"http:\/\/andre-evard.de\/wp-content\/uploads\/2025\/04\/Kirschblueten-und-Kirche-scaled.webp","datePublished":"2025-04-15T16:18:07+00:00","dateModified":"2025-10-12T18:58:34+00:00","breadcrumb":{"@id":"http:\/\/andre-evard.de\/fr\/art-nouveau\/fleurs-de-cerisier-et-eglise-1913\/#breadcrumb"},"inLanguage":"fr-FR","potentialAction":[{"@type":"ReadAction","target":["http:\/\/andre-evard.de\/fr\/art-nouveau\/fleurs-de-cerisier-et-eglise-1913\/"]}]},{"@type":"ImageObject","inLanguage":"fr-FR","@id":"http:\/\/andre-evard.de\/fr\/art-nouveau\/fleurs-de-cerisier-et-eglise-1913\/#primaryimage","url":"http:\/\/andre-evard.de\/wp-content\/uploads\/2025\/04\/Kirschblueten-und-Kirche-scaled.webp","contentUrl":"http:\/\/andre-evard.de\/wp-content\/uploads\/2025\/04\/Kirschblueten-und-Kirche-scaled.webp","width":1909,"height":1920},{"@type":"BreadcrumbList","@id":"http:\/\/andre-evard.de\/fr\/art-nouveau\/fleurs-de-cerisier-et-eglise-1913\/#breadcrumb","itemListElement":[{"@type":"ListItem","position":1,"name":"Accueil","item":"http:\/\/andre-evard.de\/fr\/"},{"@type":"ListItem","position":2,"name":"Fleurs de cerisier et \u00e9glise, 1913"}]},{"@type":"WebSite","@id":"https:\/\/andre-evard.de\/fr\/#website","url":"https:\/\/andre-evard.de\/fr\/","name":"Andr\u00e9 Evard","description":"","publisher":{"@id":"https:\/\/andre-evard.de\/fr\/#organization"},"potentialAction":[{"@type":"SearchAction","target":{"@type":"EntryPoint","urlTemplate":"https:\/\/andre-evard.de\/fr\/?s={search_term_string}"},"query-input":{"@type":"PropertyValueSpecification","valueRequired":true,"valueName":"search_term_string"}}],"inLanguage":"fr-FR"},{"@type":"Organization","@id":"https:\/\/andre-evard.de\/fr\/#organization","name":"Andr\u00e9 Evard","url":"https:\/\/andre-evard.de\/fr\/","logo":{"@type":"ImageObject","inLanguage":"fr-FR","@id":"https:\/\/andre-evard.de\/fr\/#\/schema\/logo\/image\/","url":"http:\/\/andre-evard.de\/wp-content\/uploads\/2025\/04\/Logo-AE-Black.svg","contentUrl":"http:\/\/andre-evard.de\/wp-content\/uploads\/2025\/04\/Logo-AE-Black.svg","width":140,"height":30,"caption":"Andr\u00e9 Evard"},"image":{"@id":"https:\/\/andre-evard.de\/fr\/#\/schema\/logo\/image\/"}},{"@type":"Person","@id":"https:\/\/andre-evard.de\/fr\/#\/schema\/person\/94d070d67cd77c7e59d02b583a104044","name":"ErikLachfeld","image":{"@type":"ImageObject","inLanguage":"fr-FR","@id":"https:\/\/secure.gravatar.com\/avatar\/d5d42cc40010ba9998f57d7cebaf2952e1274f5c452ff570f85bbee0f9ecb43a?s=96&d=mm&r=g","url":"https:\/\/secure.gravatar.com\/avatar\/d5d42cc40010ba9998f57d7cebaf2952e1274f5c452ff570f85bbee0f9ecb43a?s=96&d=mm&r=g","contentUrl":"https:\/\/secure.gravatar.com\/avatar\/d5d42cc40010ba9998f57d7cebaf2952e1274f5c452ff570f85bbee0f9ecb43a?s=96&d=mm&r=g","caption":"ErikLachfeld"},"sameAs":["https:\/\/andre-evard.de"],"url":"http:\/\/andre-evard.de\/fr\/author\/eriklachfeld\/"}]}},"_links":{"self":[{"href":"http:\/\/andre-evard.de\/fr\/wp-json\/wp\/v2\/posts\/2134","targetHints":{"allow":["GET"]}}],"collection":[{"href":"http:\/\/andre-evard.de\/fr\/wp-json\/wp\/v2\/posts"}],"about":[{"href":"http:\/\/andre-evard.de\/fr\/wp-json\/wp\/v2\/types\/post"}],"author":[{"embeddable":true,"href":"http:\/\/andre-evard.de\/fr\/wp-json\/wp\/v2\/users\/1"}],"replies":[{"embeddable":true,"href":"http:\/\/andre-evard.de\/fr\/wp-json\/wp\/v2\/comments?post=2134"}],"version-history":[{"count":1,"href":"http:\/\/andre-evard.de\/fr\/wp-json\/wp\/v2\/posts\/2134\/revisions"}],"predecessor-version":[{"id":2136,"href":"http:\/\/andre-evard.de\/fr\/wp-json\/wp\/v2\/posts\/2134\/revisions\/2136"}],"wp:featuredmedia":[{"embeddable":true,"href":"http:\/\/andre-evard.de\/fr\/wp-json\/wp\/v2\/media\/2135"}],"wp:attachment":[{"href":"http:\/\/andre-evard.de\/fr\/wp-json\/wp\/v2\/media?parent=2134"}],"wp:term":[{"taxonomy":"category","embeddable":true,"href":"http:\/\/andre-evard.de\/fr\/wp-json\/wp\/v2\/categories?post=2134"},{"taxonomy":"post_tag","embeddable":true,"href":"http:\/\/andre-evard.de\/fr\/wp-json\/wp\/v2\/tags?post=2134"}],"curies":[{"name":"wp","href":"https:\/\/api.w.org\/{rel}","templated":true}]}}