{"id":2637,"date":"2025-06-17T13:03:20","date_gmt":"2025-06-17T11:03:20","guid":{"rendered":"https:\/\/andre-evard.de\/non-categorise\/fleurs-dans-un-vase-violet-1938\/"},"modified":"2025-10-12T21:05:46","modified_gmt":"2025-10-12T19:05:46","slug":"fleurs-dans-un-vase-violet-1938","status":"publish","type":"post","link":"http:\/\/andre-evard.de\/fr\/nature-morte\/fleurs-dans-un-vase-violet-1938\/","title":{"rendered":"Fleurs dans un vase violet, 1938"},"content":{"rendered":"\n<p>Cette huile sur toile de 1938 fait partie des natures mortes d&rsquo;Evard et repr\u00e9sente des fleurs dans un vase violet. Le vase repose sur une table que le peintre sugg\u00e8re uniquement par une ligne oblique et qu&rsquo;il repr\u00e9sente de mani\u00e8re abstraite en jaune. Sur un fond blanc et sobre, les fleurs aux tons roses et pastel, avec leur abondante floraison, sont particuli\u00e8rement bien mises en valeur. Evard repr\u00e9sente \u00e9galement deux fleurs ferm\u00e9es, faisant ainsi r\u00e9f\u00e9rence au cycle du devenir et du d\u00e9p\u00e9rissement. Les couleurs chaudes et pastel conf\u00e8rent au tableau un aspect amical et peu profond, et l&rsquo;atmosph\u00e8re estivale avec sa l\u00e9g\u00e8ret\u00e9 est encore accentu\u00e9e par l&rsquo;utilisation extr\u00eamement parcimonieuse de contrastes sombres.    <\/p>\n","protected":false},"excerpt":{"rendered":"<p>Fleurs dans un vase violet, 1938, huile sur carton, 65 x 50 cm<\/p>\n","protected":false},"author":1,"featured_media":2639,"comment_status":"closed","ping_status":"closed","sticky":false,"template":"","format":"standard","meta":{"iawp_total_views":1,"footnotes":""},"categories":[33],"tags":[],"class_list":["post-2637","post","type-post","status-publish","format-standard","has-post-thumbnail","hentry","category-nature-morte"],"yoast_head":"<!-- This site is optimized with the Yoast SEO plugin v27.5 - https:\/\/yoast.com\/product\/yoast-seo-wordpress\/ -->\n<title>Fleurs dans un vase violet, 1938 - Andr\u00e9 Evard<\/title>\n<meta name=\"robots\" content=\"index, follow, max-snippet:-1, max-image-preview:large, max-video-preview:-1\" \/>\n<link rel=\"canonical\" href=\"http:\/\/andre-evard.de\/fr\/nature-morte\/fleurs-dans-un-vase-violet-1938\/\" \/>\n<meta property=\"og:locale\" content=\"fr_FR\" \/>\n<meta property=\"og:type\" content=\"article\" \/>\n<meta property=\"og:title\" content=\"Fleurs dans un vase violet, 1938 - Andr\u00e9 Evard\" \/>\n<meta property=\"og:description\" content=\"Fleurs dans un vase violet, 1938, huile sur carton, 65 x 50 cm\" \/>\n<meta property=\"og:url\" content=\"http:\/\/andre-evard.de\/fr\/nature-morte\/fleurs-dans-un-vase-violet-1938\/\" \/>\n<meta property=\"og:site_name\" content=\"Andr\u00e9 Evard\" \/>\n<meta property=\"article:published_time\" content=\"2025-06-17T11:03:20+00:00\" \/>\n<meta property=\"article:modified_time\" content=\"2025-10-12T19:05:46+00:00\" \/>\n<meta property=\"og:image\" content=\"http:\/\/andre-evard.de\/wp-content\/uploads\/2025\/06\/JMG2007_Andre-Evard_Blumen-in-lila-Vase_1938_65x50cm_FRANK-RAPP-2.jpg\" \/>\n\t<meta property=\"og:image:width\" content=\"1445\" \/>\n\t<meta property=\"og:image:height\" content=\"1920\" \/>\n\t<meta property=\"og:image:type\" content=\"image\/jpeg\" \/>\n<meta name=\"author\" content=\"ErikLachfeld\" \/>\n<meta name=\"twitter:card\" content=\"summary_large_image\" \/>\n<meta name=\"twitter:label1\" content=\"\u00c9crit par\" \/>\n\t<meta name=\"twitter:data1\" content=\"ErikLachfeld\" \/>\n\t<meta name=\"twitter:label2\" content=\"Dur\u00e9e de lecture estim\u00e9e\" \/>\n\t<meta name=\"twitter:data2\" content=\"1 minute\" \/>\n<script type=\"application\/ld+json\" class=\"yoast-schema-graph\">{\"@context\":\"https:\\\/\\\/schema.org\",\"@graph\":[{\"@type\":\"Article\",\"@id\":\"http:\\\/\\\/andre-evard.de\\\/fr\\\/nature-morte\\\/fleurs-dans-un-vase-violet-1938\\\/#article\",\"isPartOf\":{\"@id\":\"http:\\\/\\\/andre-evard.de\\\/fr\\\/nature-morte\\\/fleurs-dans-un-vase-violet-1938\\\/\"},\"author\":{\"name\":\"ErikLachfeld\",\"@id\":\"http:\\\/\\\/andre-evard.de\\\/fr\\\/#\\\/schema\\\/person\\\/94d070d67cd77c7e59d02b583a104044\"},\"headline\":\"Fleurs dans un vase violet, 1938\",\"datePublished\":\"2025-06-17T11:03:20+00:00\",\"dateModified\":\"2025-10-12T19:05:46+00:00\",\"mainEntityOfPage\":{\"@id\":\"http:\\\/\\\/andre-evard.de\\\/fr\\\/nature-morte\\\/fleurs-dans-un-vase-violet-1938\\\/\"},\"wordCount\":137,\"publisher\":{\"@id\":\"http:\\\/\\\/andre-evard.de\\\/fr\\\/#organization\"},\"image\":{\"@id\":\"http:\\\/\\\/andre-evard.de\\\/fr\\\/nature-morte\\\/fleurs-dans-un-vase-violet-1938\\\/#primaryimage\"},\"thumbnailUrl\":\"http:\\\/\\\/andre-evard.de\\\/wp-content\\\/uploads\\\/2025\\\/06\\\/JMG2007_Andre-Evard_Blumen-in-lila-Vase_1938_65x50cm_FRANK-RAPP-2.jpg\",\"articleSection\":[\"Nature morte\"],\"inLanguage\":\"fr-FR\"},{\"@type\":\"WebPage\",\"@id\":\"http:\\\/\\\/andre-evard.de\\\/fr\\\/nature-morte\\\/fleurs-dans-un-vase-violet-1938\\\/\",\"url\":\"http:\\\/\\\/andre-evard.de\\\/fr\\\/nature-morte\\\/fleurs-dans-un-vase-violet-1938\\\/\",\"name\":\"Fleurs dans un vase violet, 1938 - Andr\u00e9 Evard\",\"isPartOf\":{\"@id\":\"http:\\\/\\\/andre-evard.de\\\/fr\\\/#website\"},\"primaryImageOfPage\":{\"@id\":\"http:\\\/\\\/andre-evard.de\\\/fr\\\/nature-morte\\\/fleurs-dans-un-vase-violet-1938\\\/#primaryimage\"},\"image\":{\"@id\":\"http:\\\/\\\/andre-evard.de\\\/fr\\\/nature-morte\\\/fleurs-dans-un-vase-violet-1938\\\/#primaryimage\"},\"thumbnailUrl\":\"http:\\\/\\\/andre-evard.de\\\/wp-content\\\/uploads\\\/2025\\\/06\\\/JMG2007_Andre-Evard_Blumen-in-lila-Vase_1938_65x50cm_FRANK-RAPP-2.jpg\",\"datePublished\":\"2025-06-17T11:03:20+00:00\",\"dateModified\":\"2025-10-12T19:05:46+00:00\",\"breadcrumb\":{\"@id\":\"http:\\\/\\\/andre-evard.de\\\/fr\\\/nature-morte\\\/fleurs-dans-un-vase-violet-1938\\\/#breadcrumb\"},\"inLanguage\":\"fr-FR\",\"potentialAction\":[{\"@type\":\"ReadAction\",\"target\":[\"http:\\\/\\\/andre-evard.de\\\/fr\\\/nature-morte\\\/fleurs-dans-un-vase-violet-1938\\\/\"]}]},{\"@type\":\"ImageObject\",\"inLanguage\":\"fr-FR\",\"@id\":\"http:\\\/\\\/andre-evard.de\\\/fr\\\/nature-morte\\\/fleurs-dans-un-vase-violet-1938\\\/#primaryimage\",\"url\":\"http:\\\/\\\/andre-evard.de\\\/wp-content\\\/uploads\\\/2025\\\/06\\\/JMG2007_Andre-Evard_Blumen-in-lila-Vase_1938_65x50cm_FRANK-RAPP-2.jpg\",\"contentUrl\":\"http:\\\/\\\/andre-evard.de\\\/wp-content\\\/uploads\\\/2025\\\/06\\\/JMG2007_Andre-Evard_Blumen-in-lila-Vase_1938_65x50cm_FRANK-RAPP-2.jpg\",\"width\":1445,\"height\":1920},{\"@type\":\"BreadcrumbList\",\"@id\":\"http:\\\/\\\/andre-evard.de\\\/fr\\\/nature-morte\\\/fleurs-dans-un-vase-violet-1938\\\/#breadcrumb\",\"itemListElement\":[{\"@type\":\"ListItem\",\"position\":1,\"name\":\"Accueil\",\"item\":\"https:\\\/\\\/andre-evard.de\\\/fr\\\/\"},{\"@type\":\"ListItem\",\"position\":2,\"name\":\"Fleurs dans un vase violet, 1938\"}]},{\"@type\":\"WebSite\",\"@id\":\"http:\\\/\\\/andre-evard.de\\\/fr\\\/#website\",\"url\":\"http:\\\/\\\/andre-evard.de\\\/fr\\\/\",\"name\":\"Andr\u00e9 Evard\",\"description\":\"\",\"publisher\":{\"@id\":\"http:\\\/\\\/andre-evard.de\\\/fr\\\/#organization\"},\"potentialAction\":[{\"@type\":\"SearchAction\",\"target\":{\"@type\":\"EntryPoint\",\"urlTemplate\":\"http:\\\/\\\/andre-evard.de\\\/fr\\\/?s={search_term_string}\"},\"query-input\":{\"@type\":\"PropertyValueSpecification\",\"valueRequired\":true,\"valueName\":\"search_term_string\"}}],\"inLanguage\":\"fr-FR\"},{\"@type\":\"Organization\",\"@id\":\"http:\\\/\\\/andre-evard.de\\\/fr\\\/#organization\",\"name\":\"Andr\u00e9 Evard\",\"url\":\"http:\\\/\\\/andre-evard.de\\\/fr\\\/\",\"logo\":{\"@type\":\"ImageObject\",\"inLanguage\":\"fr-FR\",\"@id\":\"http:\\\/\\\/andre-evard.de\\\/fr\\\/#\\\/schema\\\/logo\\\/image\\\/\",\"url\":\"http:\\\/\\\/andre-evard.de\\\/wp-content\\\/uploads\\\/2025\\\/04\\\/Logo-AE-Black.svg\",\"contentUrl\":\"http:\\\/\\\/andre-evard.de\\\/wp-content\\\/uploads\\\/2025\\\/04\\\/Logo-AE-Black.svg\",\"width\":140,\"height\":30,\"caption\":\"Andr\u00e9 Evard\"},\"image\":{\"@id\":\"http:\\\/\\\/andre-evard.de\\\/fr\\\/#\\\/schema\\\/logo\\\/image\\\/\"}},{\"@type\":\"Person\",\"@id\":\"http:\\\/\\\/andre-evard.de\\\/fr\\\/#\\\/schema\\\/person\\\/94d070d67cd77c7e59d02b583a104044\",\"name\":\"ErikLachfeld\",\"image\":{\"@type\":\"ImageObject\",\"inLanguage\":\"fr-FR\",\"@id\":\"https:\\\/\\\/secure.gravatar.com\\\/avatar\\\/d5d42cc40010ba9998f57d7cebaf2952e1274f5c452ff570f85bbee0f9ecb43a?s=96&d=mm&r=g\",\"url\":\"https:\\\/\\\/secure.gravatar.com\\\/avatar\\\/d5d42cc40010ba9998f57d7cebaf2952e1274f5c452ff570f85bbee0f9ecb43a?s=96&d=mm&r=g\",\"contentUrl\":\"https:\\\/\\\/secure.gravatar.com\\\/avatar\\\/d5d42cc40010ba9998f57d7cebaf2952e1274f5c452ff570f85bbee0f9ecb43a?s=96&d=mm&r=g\",\"caption\":\"ErikLachfeld\"},\"sameAs\":[\"https:\\\/\\\/andre-evard.de\"],\"url\":\"http:\\\/\\\/andre-evard.de\\\/fr\\\/author\\\/eriklachfeld\\\/\"}]}<\/script>\n<!-- \/ Yoast SEO plugin. -->","yoast_head_json":{"title":"Fleurs dans un vase violet, 1938 - Andr\u00e9 Evard","robots":{"index":"index","follow":"follow","max-snippet":"max-snippet:-1","max-image-preview":"max-image-preview:large","max-video-preview":"max-video-preview:-1"},"canonical":"http:\/\/andre-evard.de\/fr\/nature-morte\/fleurs-dans-un-vase-violet-1938\/","og_locale":"fr_FR","og_type":"article","og_title":"Fleurs dans un vase violet, 1938 - Andr\u00e9 Evard","og_description":"Fleurs dans un vase violet, 1938, huile sur carton, 65 x 50 cm","og_url":"http:\/\/andre-evard.de\/fr\/nature-morte\/fleurs-dans-un-vase-violet-1938\/","og_site_name":"Andr\u00e9 Evard","article_published_time":"2025-06-17T11:03:20+00:00","article_modified_time":"2025-10-12T19:05:46+00:00","og_image":[{"width":1445,"height":1920,"url":"http:\/\/andre-evard.de\/wp-content\/uploads\/2025\/06\/JMG2007_Andre-Evard_Blumen-in-lila-Vase_1938_65x50cm_FRANK-RAPP-2.jpg","type":"image\/jpeg"}],"author":"ErikLachfeld","twitter_card":"summary_large_image","twitter_misc":{"\u00c9crit par":"ErikLachfeld","Dur\u00e9e de lecture estim\u00e9e":"1 minute"},"schema":{"@context":"https:\/\/schema.org","@graph":[{"@type":"Article","@id":"http:\/\/andre-evard.de\/fr\/nature-morte\/fleurs-dans-un-vase-violet-1938\/#article","isPartOf":{"@id":"http:\/\/andre-evard.de\/fr\/nature-morte\/fleurs-dans-un-vase-violet-1938\/"},"author":{"name":"ErikLachfeld","@id":"http:\/\/andre-evard.de\/fr\/#\/schema\/person\/94d070d67cd77c7e59d02b583a104044"},"headline":"Fleurs dans un vase violet, 1938","datePublished":"2025-06-17T11:03:20+00:00","dateModified":"2025-10-12T19:05:46+00:00","mainEntityOfPage":{"@id":"http:\/\/andre-evard.de\/fr\/nature-morte\/fleurs-dans-un-vase-violet-1938\/"},"wordCount":137,"publisher":{"@id":"http:\/\/andre-evard.de\/fr\/#organization"},"image":{"@id":"http:\/\/andre-evard.de\/fr\/nature-morte\/fleurs-dans-un-vase-violet-1938\/#primaryimage"},"thumbnailUrl":"http:\/\/andre-evard.de\/wp-content\/uploads\/2025\/06\/JMG2007_Andre-Evard_Blumen-in-lila-Vase_1938_65x50cm_FRANK-RAPP-2.jpg","articleSection":["Nature morte"],"inLanguage":"fr-FR"},{"@type":"WebPage","@id":"http:\/\/andre-evard.de\/fr\/nature-morte\/fleurs-dans-un-vase-violet-1938\/","url":"http:\/\/andre-evard.de\/fr\/nature-morte\/fleurs-dans-un-vase-violet-1938\/","name":"Fleurs dans un vase violet, 1938 - Andr\u00e9 Evard","isPartOf":{"@id":"http:\/\/andre-evard.de\/fr\/#website"},"primaryImageOfPage":{"@id":"http:\/\/andre-evard.de\/fr\/nature-morte\/fleurs-dans-un-vase-violet-1938\/#primaryimage"},"image":{"@id":"http:\/\/andre-evard.de\/fr\/nature-morte\/fleurs-dans-un-vase-violet-1938\/#primaryimage"},"thumbnailUrl":"http:\/\/andre-evard.de\/wp-content\/uploads\/2025\/06\/JMG2007_Andre-Evard_Blumen-in-lila-Vase_1938_65x50cm_FRANK-RAPP-2.jpg","datePublished":"2025-06-17T11:03:20+00:00","dateModified":"2025-10-12T19:05:46+00:00","breadcrumb":{"@id":"http:\/\/andre-evard.de\/fr\/nature-morte\/fleurs-dans-un-vase-violet-1938\/#breadcrumb"},"inLanguage":"fr-FR","potentialAction":[{"@type":"ReadAction","target":["http:\/\/andre-evard.de\/fr\/nature-morte\/fleurs-dans-un-vase-violet-1938\/"]}]},{"@type":"ImageObject","inLanguage":"fr-FR","@id":"http:\/\/andre-evard.de\/fr\/nature-morte\/fleurs-dans-un-vase-violet-1938\/#primaryimage","url":"http:\/\/andre-evard.de\/wp-content\/uploads\/2025\/06\/JMG2007_Andre-Evard_Blumen-in-lila-Vase_1938_65x50cm_FRANK-RAPP-2.jpg","contentUrl":"http:\/\/andre-evard.de\/wp-content\/uploads\/2025\/06\/JMG2007_Andre-Evard_Blumen-in-lila-Vase_1938_65x50cm_FRANK-RAPP-2.jpg","width":1445,"height":1920},{"@type":"BreadcrumbList","@id":"http:\/\/andre-evard.de\/fr\/nature-morte\/fleurs-dans-un-vase-violet-1938\/#breadcrumb","itemListElement":[{"@type":"ListItem","position":1,"name":"Accueil","item":"https:\/\/andre-evard.de\/fr\/"},{"@type":"ListItem","position":2,"name":"Fleurs dans un vase violet, 1938"}]},{"@type":"WebSite","@id":"http:\/\/andre-evard.de\/fr\/#website","url":"http:\/\/andre-evard.de\/fr\/","name":"Andr\u00e9 Evard","description":"","publisher":{"@id":"http:\/\/andre-evard.de\/fr\/#organization"},"potentialAction":[{"@type":"SearchAction","target":{"@type":"EntryPoint","urlTemplate":"http:\/\/andre-evard.de\/fr\/?s={search_term_string}"},"query-input":{"@type":"PropertyValueSpecification","valueRequired":true,"valueName":"search_term_string"}}],"inLanguage":"fr-FR"},{"@type":"Organization","@id":"http:\/\/andre-evard.de\/fr\/#organization","name":"Andr\u00e9 Evard","url":"http:\/\/andre-evard.de\/fr\/","logo":{"@type":"ImageObject","inLanguage":"fr-FR","@id":"http:\/\/andre-evard.de\/fr\/#\/schema\/logo\/image\/","url":"http:\/\/andre-evard.de\/wp-content\/uploads\/2025\/04\/Logo-AE-Black.svg","contentUrl":"http:\/\/andre-evard.de\/wp-content\/uploads\/2025\/04\/Logo-AE-Black.svg","width":140,"height":30,"caption":"Andr\u00e9 Evard"},"image":{"@id":"http:\/\/andre-evard.de\/fr\/#\/schema\/logo\/image\/"}},{"@type":"Person","@id":"http:\/\/andre-evard.de\/fr\/#\/schema\/person\/94d070d67cd77c7e59d02b583a104044","name":"ErikLachfeld","image":{"@type":"ImageObject","inLanguage":"fr-FR","@id":"https:\/\/secure.gravatar.com\/avatar\/d5d42cc40010ba9998f57d7cebaf2952e1274f5c452ff570f85bbee0f9ecb43a?s=96&d=mm&r=g","url":"https:\/\/secure.gravatar.com\/avatar\/d5d42cc40010ba9998f57d7cebaf2952e1274f5c452ff570f85bbee0f9ecb43a?s=96&d=mm&r=g","contentUrl":"https:\/\/secure.gravatar.com\/avatar\/d5d42cc40010ba9998f57d7cebaf2952e1274f5c452ff570f85bbee0f9ecb43a?s=96&d=mm&r=g","caption":"ErikLachfeld"},"sameAs":["https:\/\/andre-evard.de"],"url":"http:\/\/andre-evard.de\/fr\/author\/eriklachfeld\/"}]}},"_links":{"self":[{"href":"http:\/\/andre-evard.de\/fr\/wp-json\/wp\/v2\/posts\/2637","targetHints":{"allow":["GET"]}}],"collection":[{"href":"http:\/\/andre-evard.de\/fr\/wp-json\/wp\/v2\/posts"}],"about":[{"href":"http:\/\/andre-evard.de\/fr\/wp-json\/wp\/v2\/types\/post"}],"author":[{"embeddable":true,"href":"http:\/\/andre-evard.de\/fr\/wp-json\/wp\/v2\/users\/1"}],"replies":[{"embeddable":true,"href":"http:\/\/andre-evard.de\/fr\/wp-json\/wp\/v2\/comments?post=2637"}],"version-history":[{"count":1,"href":"http:\/\/andre-evard.de\/fr\/wp-json\/wp\/v2\/posts\/2637\/revisions"}],"predecessor-version":[{"id":2641,"href":"http:\/\/andre-evard.de\/fr\/wp-json\/wp\/v2\/posts\/2637\/revisions\/2641"}],"wp:featuredmedia":[{"embeddable":true,"href":"http:\/\/andre-evard.de\/fr\/wp-json\/wp\/v2\/media\/2639"}],"wp:attachment":[{"href":"http:\/\/andre-evard.de\/fr\/wp-json\/wp\/v2\/media?parent=2637"}],"wp:term":[{"taxonomy":"category","embeddable":true,"href":"http:\/\/andre-evard.de\/fr\/wp-json\/wp\/v2\/categories?post=2637"},{"taxonomy":"post_tag","embeddable":true,"href":"http:\/\/andre-evard.de\/fr\/wp-json\/wp\/v2\/tags?post=2637"}],"curies":[{"name":"wp","href":"https:\/\/api.w.org\/{rel}","templated":true}]}}