{"id":3167,"date":"2026-04-16T19:11:53","date_gmt":"2026-04-16T17:11:53","guid":{"rendered":"https:\/\/andre-evard.de\/non-categorise\/vase-pommes-soleil-1968\/"},"modified":"2026-04-17T08:27:41","modified_gmt":"2026-04-17T06:27:41","slug":"vase-pommes-soleil-1968","status":"publish","type":"post","link":"http:\/\/andre-evard.de\/fr\/concret-constructif\/vase-pommes-soleil-1968\/","title":{"rendered":"Vase, pommes, soleil, 1968"},"content":{"rendered":"\n<p>Dans cette nature morte tardive, on retrouve la combinaison caract\u00e9ristique d\u2019Andr\u00e9 Evard entre un <strong>langage formel constructif<\/strong> et une <strong>palette de couleurs r\u00e9duite<\/strong>. La composition est clairement structur\u00e9e : un vase noir et des pommes d\u2019un rouge \u00e9clatant sont dispos\u00e9s selon un \u00e9tagement frontal qui, malgr\u00e9 une technique picturale en aplats, cr\u00e9e un effet de profondeur subtil. L\u2019arri\u00e8re-plan est structur\u00e9 par des \u00e9l\u00e9ments g\u00e9om\u00e9triques et constructifs \u2014 lignes, surfaces color\u00e9es et un symbole solaire abstrait \u2014 qui transposent la nature morte traditionnelle dans un <strong>ordre moderne<\/strong>, presque <strong>architectural<\/strong>.  <\/p>\n\n<p>Evard r\u00e9duit les formes et les couleurs \u00e0 l\u2019<strong>essentiel<\/strong> : les <strong>contrastes puissants<\/strong> de noir, de rouge, de vert et de jaune conf\u00e8rent au tableau une <strong>tension rythmique<\/strong> claire. La perspective n\u2019est pas pens\u00e9e de mani\u00e8re naturaliste, mais de mani\u00e8re <strong>compositionnelle<\/strong> \u2014 elle r\u00e9sulte de l\u2019\u00e9tagement et de la superposition des objets. L\u2019\u0153uvre illustre la mani\u00e8re de peindre constructive d\u2019Evard, qui existe depuis les ann\u00e9es 1920 et qui s\u2019est poursuivie apr\u00e8s 1950 en <strong>parall\u00e8le<\/strong> \u00e0 ses travaux figuratifs. Les motifs figuratifs sont ici de plus en plus traduits en structures g\u00e9om\u00e9triques, sans pour autant perdre leur signification symbolique.   <\/p>\n","protected":false},"excerpt":{"rendered":"<p>Vase, pommes, soleil, 1968, huile sur panneau de fibres, 50 x 57 cm (avec cadre), 25,5 x 33,5 cm (sans cadre) <\/p>\n","protected":false},"author":1,"featured_media":3168,"comment_status":"closed","ping_status":"closed","sticky":false,"template":"","format":"standard","meta":{"iawp_total_views":0,"footnotes":""},"categories":[32],"tags":[],"class_list":["post-3167","post","type-post","status-publish","format-standard","has-post-thumbnail","hentry","category-concret-constructif"],"yoast_head":"<!-- This site is optimized with the Yoast SEO plugin v27.4 - https:\/\/yoast.com\/product\/yoast-seo-wordpress\/ -->\n<title>Vase, pommes, soleil, 1968 - Andr\u00e9 Evard<\/title>\n<meta name=\"robots\" content=\"index, follow, max-snippet:-1, max-image-preview:large, max-video-preview:-1\" \/>\n<link rel=\"canonical\" href=\"http:\/\/andre-evard.de\/fr\/concret-constructif\/vase-pommes-soleil-1968\/\" \/>\n<meta property=\"og:locale\" content=\"fr_FR\" \/>\n<meta property=\"og:type\" content=\"article\" \/>\n<meta property=\"og:title\" content=\"Vase, pommes, soleil, 1968 - Andr\u00e9 Evard\" \/>\n<meta property=\"og:description\" content=\"Vase, pommes, soleil, 1968, huile sur panneau de fibres, 50 x 57 cm (avec cadre), 25,5 x 33,5 cm (sans cadre)\" \/>\n<meta property=\"og:url\" content=\"http:\/\/andre-evard.de\/fr\/concret-constructif\/vase-pommes-soleil-1968\/\" \/>\n<meta property=\"og:site_name\" content=\"Andr\u00e9 Evard\" \/>\n<meta property=\"article:published_time\" content=\"2026-04-16T17:11:53+00:00\" \/>\n<meta property=\"article:modified_time\" content=\"2026-04-17T06:27:41+00:00\" \/>\n<meta property=\"og:image\" content=\"https:\/\/andre-evard.de\/wp-content\/uploads\/2026\/04\/JM1884_Andre-Evard_Vase-Aepfel-Sonne_o.D._57x50cm_RAPP2-scaled.jpg\" \/>\n\t<meta property=\"og:image:width\" content=\"2560\" \/>\n\t<meta property=\"og:image:height\" content=\"1968\" \/>\n\t<meta property=\"og:image:type\" content=\"image\/jpeg\" \/>\n<meta name=\"author\" content=\"ErikLachfeld\" \/>\n<meta name=\"twitter:card\" content=\"summary_large_image\" \/>\n<meta name=\"twitter:label1\" content=\"\u00c9crit par\" \/>\n\t<meta name=\"twitter:data1\" content=\"ErikLachfeld\" \/>\n\t<meta name=\"twitter:label2\" content=\"Dur\u00e9e de lecture estim\u00e9e\" \/>\n\t<meta name=\"twitter:data2\" content=\"1 minute\" \/>\n<script type=\"application\/ld+json\" class=\"yoast-schema-graph\">{\"@context\":\"https:\\\/\\\/schema.org\",\"@graph\":[{\"@type\":\"Article\",\"@id\":\"http:\\\/\\\/andre-evard.de\\\/fr\\\/concret-constructif\\\/vase-pommes-soleil-1968\\\/#article\",\"isPartOf\":{\"@id\":\"http:\\\/\\\/andre-evard.de\\\/fr\\\/concret-constructif\\\/vase-pommes-soleil-1968\\\/\"},\"author\":{\"name\":\"ErikLachfeld\",\"@id\":\"http:\\\/\\\/andre-evard.de\\\/fr\\\/#\\\/schema\\\/person\\\/94d070d67cd77c7e59d02b583a104044\"},\"headline\":\"Vase, pommes, soleil, 1968\",\"datePublished\":\"2026-04-16T17:11:53+00:00\",\"dateModified\":\"2026-04-17T06:27:41+00:00\",\"mainEntityOfPage\":{\"@id\":\"http:\\\/\\\/andre-evard.de\\\/fr\\\/concret-constructif\\\/vase-pommes-soleil-1968\\\/\"},\"wordCount\":211,\"publisher\":{\"@id\":\"http:\\\/\\\/andre-evard.de\\\/fr\\\/#organization\"},\"image\":{\"@id\":\"http:\\\/\\\/andre-evard.de\\\/fr\\\/concret-constructif\\\/vase-pommes-soleil-1968\\\/#primaryimage\"},\"thumbnailUrl\":\"http:\\\/\\\/andre-evard.de\\\/wp-content\\\/uploads\\\/2026\\\/04\\\/JM1884_Andre-Evard_Vase-Aepfel-Sonne_o.D._57x50cm_RAPP2-scaled.jpg\",\"articleSection\":[\"Concret-Constructif\"],\"inLanguage\":\"fr-FR\"},{\"@type\":\"WebPage\",\"@id\":\"http:\\\/\\\/andre-evard.de\\\/fr\\\/concret-constructif\\\/vase-pommes-soleil-1968\\\/\",\"url\":\"http:\\\/\\\/andre-evard.de\\\/fr\\\/concret-constructif\\\/vase-pommes-soleil-1968\\\/\",\"name\":\"Vase, pommes, soleil, 1968 - Andr\u00e9 Evard\",\"isPartOf\":{\"@id\":\"http:\\\/\\\/andre-evard.de\\\/fr\\\/#website\"},\"primaryImageOfPage\":{\"@id\":\"http:\\\/\\\/andre-evard.de\\\/fr\\\/concret-constructif\\\/vase-pommes-soleil-1968\\\/#primaryimage\"},\"image\":{\"@id\":\"http:\\\/\\\/andre-evard.de\\\/fr\\\/concret-constructif\\\/vase-pommes-soleil-1968\\\/#primaryimage\"},\"thumbnailUrl\":\"http:\\\/\\\/andre-evard.de\\\/wp-content\\\/uploads\\\/2026\\\/04\\\/JM1884_Andre-Evard_Vase-Aepfel-Sonne_o.D._57x50cm_RAPP2-scaled.jpg\",\"datePublished\":\"2026-04-16T17:11:53+00:00\",\"dateModified\":\"2026-04-17T06:27:41+00:00\",\"breadcrumb\":{\"@id\":\"http:\\\/\\\/andre-evard.de\\\/fr\\\/concret-constructif\\\/vase-pommes-soleil-1968\\\/#breadcrumb\"},\"inLanguage\":\"fr-FR\",\"potentialAction\":[{\"@type\":\"ReadAction\",\"target\":[\"http:\\\/\\\/andre-evard.de\\\/fr\\\/concret-constructif\\\/vase-pommes-soleil-1968\\\/\"]}]},{\"@type\":\"ImageObject\",\"inLanguage\":\"fr-FR\",\"@id\":\"http:\\\/\\\/andre-evard.de\\\/fr\\\/concret-constructif\\\/vase-pommes-soleil-1968\\\/#primaryimage\",\"url\":\"http:\\\/\\\/andre-evard.de\\\/wp-content\\\/uploads\\\/2026\\\/04\\\/JM1884_Andre-Evard_Vase-Aepfel-Sonne_o.D._57x50cm_RAPP2-scaled.jpg\",\"contentUrl\":\"http:\\\/\\\/andre-evard.de\\\/wp-content\\\/uploads\\\/2026\\\/04\\\/JM1884_Andre-Evard_Vase-Aepfel-Sonne_o.D._57x50cm_RAPP2-scaled.jpg\",\"width\":2560,\"height\":1968},{\"@type\":\"BreadcrumbList\",\"@id\":\"http:\\\/\\\/andre-evard.de\\\/fr\\\/concret-constructif\\\/vase-pommes-soleil-1968\\\/#breadcrumb\",\"itemListElement\":[{\"@type\":\"ListItem\",\"position\":1,\"name\":\"Accueil\",\"item\":\"https:\\\/\\\/andre-evard.de\\\/fr\\\/\"},{\"@type\":\"ListItem\",\"position\":2,\"name\":\"Vase, pommes, soleil, 1968\"}]},{\"@type\":\"WebSite\",\"@id\":\"http:\\\/\\\/andre-evard.de\\\/fr\\\/#website\",\"url\":\"http:\\\/\\\/andre-evard.de\\\/fr\\\/\",\"name\":\"Andr\u00e9 Evard\",\"description\":\"\",\"publisher\":{\"@id\":\"http:\\\/\\\/andre-evard.de\\\/fr\\\/#organization\"},\"potentialAction\":[{\"@type\":\"SearchAction\",\"target\":{\"@type\":\"EntryPoint\",\"urlTemplate\":\"http:\\\/\\\/andre-evard.de\\\/fr\\\/?s={search_term_string}\"},\"query-input\":{\"@type\":\"PropertyValueSpecification\",\"valueRequired\":true,\"valueName\":\"search_term_string\"}}],\"inLanguage\":\"fr-FR\"},{\"@type\":\"Organization\",\"@id\":\"http:\\\/\\\/andre-evard.de\\\/fr\\\/#organization\",\"name\":\"Andr\u00e9 Evard\",\"url\":\"http:\\\/\\\/andre-evard.de\\\/fr\\\/\",\"logo\":{\"@type\":\"ImageObject\",\"inLanguage\":\"fr-FR\",\"@id\":\"http:\\\/\\\/andre-evard.de\\\/fr\\\/#\\\/schema\\\/logo\\\/image\\\/\",\"url\":\"http:\\\/\\\/andre-evard.de\\\/wp-content\\\/uploads\\\/2025\\\/04\\\/Logo-AE-Black.svg\",\"contentUrl\":\"http:\\\/\\\/andre-evard.de\\\/wp-content\\\/uploads\\\/2025\\\/04\\\/Logo-AE-Black.svg\",\"width\":140,\"height\":30,\"caption\":\"Andr\u00e9 Evard\"},\"image\":{\"@id\":\"http:\\\/\\\/andre-evard.de\\\/fr\\\/#\\\/schema\\\/logo\\\/image\\\/\"}},{\"@type\":\"Person\",\"@id\":\"http:\\\/\\\/andre-evard.de\\\/fr\\\/#\\\/schema\\\/person\\\/94d070d67cd77c7e59d02b583a104044\",\"name\":\"ErikLachfeld\",\"image\":{\"@type\":\"ImageObject\",\"inLanguage\":\"fr-FR\",\"@id\":\"https:\\\/\\\/secure.gravatar.com\\\/avatar\\\/d5d42cc40010ba9998f57d7cebaf2952e1274f5c452ff570f85bbee0f9ecb43a?s=96&d=mm&r=g\",\"url\":\"https:\\\/\\\/secure.gravatar.com\\\/avatar\\\/d5d42cc40010ba9998f57d7cebaf2952e1274f5c452ff570f85bbee0f9ecb43a?s=96&d=mm&r=g\",\"contentUrl\":\"https:\\\/\\\/secure.gravatar.com\\\/avatar\\\/d5d42cc40010ba9998f57d7cebaf2952e1274f5c452ff570f85bbee0f9ecb43a?s=96&d=mm&r=g\",\"caption\":\"ErikLachfeld\"},\"sameAs\":[\"https:\\\/\\\/andre-evard.de\"],\"url\":\"http:\\\/\\\/andre-evard.de\\\/fr\\\/author\\\/eriklachfeld\\\/\"}]}<\/script>\n<!-- \/ Yoast SEO plugin. -->","yoast_head_json":{"title":"Vase, pommes, soleil, 1968 - Andr\u00e9 Evard","robots":{"index":"index","follow":"follow","max-snippet":"max-snippet:-1","max-image-preview":"max-image-preview:large","max-video-preview":"max-video-preview:-1"},"canonical":"http:\/\/andre-evard.de\/fr\/concret-constructif\/vase-pommes-soleil-1968\/","og_locale":"fr_FR","og_type":"article","og_title":"Vase, pommes, soleil, 1968 - Andr\u00e9 Evard","og_description":"Vase, pommes, soleil, 1968, huile sur panneau de fibres, 50 x 57 cm (avec cadre), 25,5 x 33,5 cm (sans cadre)","og_url":"http:\/\/andre-evard.de\/fr\/concret-constructif\/vase-pommes-soleil-1968\/","og_site_name":"Andr\u00e9 Evard","article_published_time":"2026-04-16T17:11:53+00:00","article_modified_time":"2026-04-17T06:27:41+00:00","og_image":[{"width":2560,"height":1968,"url":"https:\/\/andre-evard.de\/wp-content\/uploads\/2026\/04\/JM1884_Andre-Evard_Vase-Aepfel-Sonne_o.D._57x50cm_RAPP2-scaled.jpg","type":"image\/jpeg"}],"author":"ErikLachfeld","twitter_card":"summary_large_image","twitter_misc":{"\u00c9crit par":"ErikLachfeld","Dur\u00e9e de lecture estim\u00e9e":"1 minute"},"schema":{"@context":"https:\/\/schema.org","@graph":[{"@type":"Article","@id":"http:\/\/andre-evard.de\/fr\/concret-constructif\/vase-pommes-soleil-1968\/#article","isPartOf":{"@id":"http:\/\/andre-evard.de\/fr\/concret-constructif\/vase-pommes-soleil-1968\/"},"author":{"name":"ErikLachfeld","@id":"http:\/\/andre-evard.de\/fr\/#\/schema\/person\/94d070d67cd77c7e59d02b583a104044"},"headline":"Vase, pommes, soleil, 1968","datePublished":"2026-04-16T17:11:53+00:00","dateModified":"2026-04-17T06:27:41+00:00","mainEntityOfPage":{"@id":"http:\/\/andre-evard.de\/fr\/concret-constructif\/vase-pommes-soleil-1968\/"},"wordCount":211,"publisher":{"@id":"http:\/\/andre-evard.de\/fr\/#organization"},"image":{"@id":"http:\/\/andre-evard.de\/fr\/concret-constructif\/vase-pommes-soleil-1968\/#primaryimage"},"thumbnailUrl":"http:\/\/andre-evard.de\/wp-content\/uploads\/2026\/04\/JM1884_Andre-Evard_Vase-Aepfel-Sonne_o.D._57x50cm_RAPP2-scaled.jpg","articleSection":["Concret-Constructif"],"inLanguage":"fr-FR"},{"@type":"WebPage","@id":"http:\/\/andre-evard.de\/fr\/concret-constructif\/vase-pommes-soleil-1968\/","url":"http:\/\/andre-evard.de\/fr\/concret-constructif\/vase-pommes-soleil-1968\/","name":"Vase, pommes, soleil, 1968 - Andr\u00e9 Evard","isPartOf":{"@id":"http:\/\/andre-evard.de\/fr\/#website"},"primaryImageOfPage":{"@id":"http:\/\/andre-evard.de\/fr\/concret-constructif\/vase-pommes-soleil-1968\/#primaryimage"},"image":{"@id":"http:\/\/andre-evard.de\/fr\/concret-constructif\/vase-pommes-soleil-1968\/#primaryimage"},"thumbnailUrl":"http:\/\/andre-evard.de\/wp-content\/uploads\/2026\/04\/JM1884_Andre-Evard_Vase-Aepfel-Sonne_o.D._57x50cm_RAPP2-scaled.jpg","datePublished":"2026-04-16T17:11:53+00:00","dateModified":"2026-04-17T06:27:41+00:00","breadcrumb":{"@id":"http:\/\/andre-evard.de\/fr\/concret-constructif\/vase-pommes-soleil-1968\/#breadcrumb"},"inLanguage":"fr-FR","potentialAction":[{"@type":"ReadAction","target":["http:\/\/andre-evard.de\/fr\/concret-constructif\/vase-pommes-soleil-1968\/"]}]},{"@type":"ImageObject","inLanguage":"fr-FR","@id":"http:\/\/andre-evard.de\/fr\/concret-constructif\/vase-pommes-soleil-1968\/#primaryimage","url":"http:\/\/andre-evard.de\/wp-content\/uploads\/2026\/04\/JM1884_Andre-Evard_Vase-Aepfel-Sonne_o.D._57x50cm_RAPP2-scaled.jpg","contentUrl":"http:\/\/andre-evard.de\/wp-content\/uploads\/2026\/04\/JM1884_Andre-Evard_Vase-Aepfel-Sonne_o.D._57x50cm_RAPP2-scaled.jpg","width":2560,"height":1968},{"@type":"BreadcrumbList","@id":"http:\/\/andre-evard.de\/fr\/concret-constructif\/vase-pommes-soleil-1968\/#breadcrumb","itemListElement":[{"@type":"ListItem","position":1,"name":"Accueil","item":"https:\/\/andre-evard.de\/fr\/"},{"@type":"ListItem","position":2,"name":"Vase, pommes, soleil, 1968"}]},{"@type":"WebSite","@id":"http:\/\/andre-evard.de\/fr\/#website","url":"http:\/\/andre-evard.de\/fr\/","name":"Andr\u00e9 Evard","description":"","publisher":{"@id":"http:\/\/andre-evard.de\/fr\/#organization"},"potentialAction":[{"@type":"SearchAction","target":{"@type":"EntryPoint","urlTemplate":"http:\/\/andre-evard.de\/fr\/?s={search_term_string}"},"query-input":{"@type":"PropertyValueSpecification","valueRequired":true,"valueName":"search_term_string"}}],"inLanguage":"fr-FR"},{"@type":"Organization","@id":"http:\/\/andre-evard.de\/fr\/#organization","name":"Andr\u00e9 Evard","url":"http:\/\/andre-evard.de\/fr\/","logo":{"@type":"ImageObject","inLanguage":"fr-FR","@id":"http:\/\/andre-evard.de\/fr\/#\/schema\/logo\/image\/","url":"http:\/\/andre-evard.de\/wp-content\/uploads\/2025\/04\/Logo-AE-Black.svg","contentUrl":"http:\/\/andre-evard.de\/wp-content\/uploads\/2025\/04\/Logo-AE-Black.svg","width":140,"height":30,"caption":"Andr\u00e9 Evard"},"image":{"@id":"http:\/\/andre-evard.de\/fr\/#\/schema\/logo\/image\/"}},{"@type":"Person","@id":"http:\/\/andre-evard.de\/fr\/#\/schema\/person\/94d070d67cd77c7e59d02b583a104044","name":"ErikLachfeld","image":{"@type":"ImageObject","inLanguage":"fr-FR","@id":"https:\/\/secure.gravatar.com\/avatar\/d5d42cc40010ba9998f57d7cebaf2952e1274f5c452ff570f85bbee0f9ecb43a?s=96&d=mm&r=g","url":"https:\/\/secure.gravatar.com\/avatar\/d5d42cc40010ba9998f57d7cebaf2952e1274f5c452ff570f85bbee0f9ecb43a?s=96&d=mm&r=g","contentUrl":"https:\/\/secure.gravatar.com\/avatar\/d5d42cc40010ba9998f57d7cebaf2952e1274f5c452ff570f85bbee0f9ecb43a?s=96&d=mm&r=g","caption":"ErikLachfeld"},"sameAs":["https:\/\/andre-evard.de"],"url":"http:\/\/andre-evard.de\/fr\/author\/eriklachfeld\/"}]}},"_links":{"self":[{"href":"http:\/\/andre-evard.de\/fr\/wp-json\/wp\/v2\/posts\/3167","targetHints":{"allow":["GET"]}}],"collection":[{"href":"http:\/\/andre-evard.de\/fr\/wp-json\/wp\/v2\/posts"}],"about":[{"href":"http:\/\/andre-evard.de\/fr\/wp-json\/wp\/v2\/types\/post"}],"author":[{"embeddable":true,"href":"http:\/\/andre-evard.de\/fr\/wp-json\/wp\/v2\/users\/1"}],"replies":[{"embeddable":true,"href":"http:\/\/andre-evard.de\/fr\/wp-json\/wp\/v2\/comments?post=3167"}],"version-history":[{"count":1,"href":"http:\/\/andre-evard.de\/fr\/wp-json\/wp\/v2\/posts\/3167\/revisions"}],"predecessor-version":[{"id":3169,"href":"http:\/\/andre-evard.de\/fr\/wp-json\/wp\/v2\/posts\/3167\/revisions\/3169"}],"wp:featuredmedia":[{"embeddable":true,"href":"http:\/\/andre-evard.de\/fr\/wp-json\/wp\/v2\/media\/3168"}],"wp:attachment":[{"href":"http:\/\/andre-evard.de\/fr\/wp-json\/wp\/v2\/media?parent=3167"}],"wp:term":[{"taxonomy":"category","embeddable":true,"href":"http:\/\/andre-evard.de\/fr\/wp-json\/wp\/v2\/categories?post=3167"},{"taxonomy":"post_tag","embeddable":true,"href":"http:\/\/andre-evard.de\/fr\/wp-json\/wp\/v2\/tags?post=3167"}],"curies":[{"name":"wp","href":"https:\/\/api.w.org\/{rel}","templated":true}]}}