{"id":3652,"date":"2026-04-17T10:45:46","date_gmt":"2026-04-17T08:45:46","guid":{"rendered":"https:\/\/andre-evard.de\/non-categorise\/roses-rouges-dans-un-pot-blanc-1948\/"},"modified":"2026-04-17T10:45:46","modified_gmt":"2026-04-17T08:45:46","slug":"roses-rouges-dans-un-pot-blanc-1948","status":"publish","type":"post","link":"http:\/\/andre-evard.de\/fr\/nature-morte\/roses-rouges-dans-un-pot-blanc-1948\/","title":{"rendered":"Roses rouges dans un pot blanc, 1948"},"content":{"rendered":"<p>Les roses font partie des motifs pr\u00e9f\u00e9r\u00e9s d\u2019Evard ; il a immortalis\u00e9 cette fleur majestueuse \u00e0 maintes reprises dans ses \u0153uvres. Dans cette \u00e9tude \u00e0 l\u2019aquarelle de 1948, il dispose quatre roses rouges dans un vase pos\u00e9 sur une table jaune. L\u2019artiste maintient l\u2019arri\u00e8re-plan et le vase en blanc ; le vase, ouvert vers le haut, se fond harmonieusement dans le fond, ce qui conf\u00e8re \u00e0 l\u2019\u0153uvre un caract\u00e8re d\u2019esquisse ainsi qu\u2019une grande l\u00e9g\u00e8ret\u00e9, les fleurs semblant presque flotter dans l\u2019air. L\u2019application de la couleur est d\u00e9licate, le blanc transparaissant m\u00eame \u00e0 travers les p\u00e9tales rouges. Les roses ont accompagn\u00e9 Evard tout au long de sa vie, il les a repr\u00e9sent\u00e9es aussi bien dans un style naturaliste que constructiviste. Cette \u0153uvre permet \u00e9galement d\u2019observer comment ces deux approches interagissent : alors que l\u2019artiste s\u2019attache \u00e0 des d\u00e9tails r\u00e9alistes pour la repr\u00e9sentation des p\u00e9tales, le langage formel g\u00e9om\u00e9trique pr\u00e9domine dans la partie inf\u00e9rieure du tableau.     <\/p>\n","protected":false},"excerpt":{"rendered":"<p>Roses rouges dans un pot blanc, 1948, aquarelle sur papier, 27 x 32,5 cm (avec cadre), 10,5 x 14,2 cm (sans cadre)<\/p>\n","protected":false},"author":1,"featured_media":3654,"comment_status":"open","ping_status":"open","sticky":false,"template":"","format":"standard","meta":{"iawp_total_views":0,"footnotes":""},"categories":[33],"tags":[],"class_list":["post-3652","post","type-post","status-publish","format-standard","has-post-thumbnail","hentry","category-nature-morte"],"yoast_head":"<!-- This site is optimized with the Yoast SEO plugin v27.4 - https:\/\/yoast.com\/product\/yoast-seo-wordpress\/ -->\n<title>Roses rouges dans un pot blanc, 1948 - Andr\u00e9 Evard<\/title>\n<meta name=\"robots\" content=\"index, follow, max-snippet:-1, max-image-preview:large, max-video-preview:-1\" \/>\n<link rel=\"canonical\" href=\"http:\/\/andre-evard.de\/fr\/nature-morte\/roses-rouges-dans-un-pot-blanc-1948\/\" \/>\n<meta property=\"og:locale\" content=\"fr_FR\" \/>\n<meta property=\"og:type\" content=\"article\" \/>\n<meta property=\"og:title\" content=\"Roses rouges dans un pot blanc, 1948 - Andr\u00e9 Evard\" \/>\n<meta property=\"og:description\" content=\"Roses rouges dans un pot blanc, 1948, aquarelle sur papier, 27 x 32,5 cm (avec cadre), 10,5 x 14,2 cm (sans cadre)\" \/>\n<meta property=\"og:url\" content=\"http:\/\/andre-evard.de\/fr\/nature-morte\/roses-rouges-dans-un-pot-blanc-1948\/\" \/>\n<meta property=\"og:site_name\" content=\"Andr\u00e9 Evard\" \/>\n<meta property=\"article:published_time\" content=\"2026-04-17T08:45:46+00:00\" \/>\n<meta property=\"og:image\" content=\"https:\/\/andre-evard.de\/wp-content\/uploads\/2026\/04\/JM2216_Andre-Evard_Red-Roses-n.D._325x27cm-scaled.jpg\" \/>\n\t<meta property=\"og:image:width\" content=\"2560\" \/>\n\t<meta property=\"og:image:height\" content=\"1922\" \/>\n\t<meta property=\"og:image:type\" content=\"image\/jpeg\" \/>\n<meta name=\"author\" content=\"ErikLachfeld\" \/>\n<meta name=\"twitter:card\" content=\"summary_large_image\" \/>\n<meta name=\"twitter:label1\" content=\"\u00c9crit par\" \/>\n\t<meta name=\"twitter:data1\" content=\"ErikLachfeld\" \/>\n\t<meta name=\"twitter:label2\" content=\"Dur\u00e9e de lecture estim\u00e9e\" \/>\n\t<meta name=\"twitter:data2\" content=\"1 minute\" \/>\n<script type=\"application\/ld+json\" class=\"yoast-schema-graph\">{\"@context\":\"https:\\\/\\\/schema.org\",\"@graph\":[{\"@type\":\"Article\",\"@id\":\"http:\\\/\\\/andre-evard.de\\\/fr\\\/nature-morte\\\/roses-rouges-dans-un-pot-blanc-1948\\\/#article\",\"isPartOf\":{\"@id\":\"http:\\\/\\\/andre-evard.de\\\/fr\\\/nature-morte\\\/roses-rouges-dans-un-pot-blanc-1948\\\/\"},\"author\":{\"name\":\"ErikLachfeld\",\"@id\":\"http:\\\/\\\/andre-evard.de\\\/fr\\\/#\\\/schema\\\/person\\\/94d070d67cd77c7e59d02b583a104044\"},\"headline\":\"Roses rouges dans un pot blanc, 1948\",\"datePublished\":\"2026-04-17T08:45:46+00:00\",\"mainEntityOfPage\":{\"@id\":\"http:\\\/\\\/andre-evard.de\\\/fr\\\/nature-morte\\\/roses-rouges-dans-un-pot-blanc-1948\\\/\"},\"wordCount\":184,\"commentCount\":0,\"publisher\":{\"@id\":\"http:\\\/\\\/andre-evard.de\\\/fr\\\/#organization\"},\"image\":{\"@id\":\"http:\\\/\\\/andre-evard.de\\\/fr\\\/nature-morte\\\/roses-rouges-dans-un-pot-blanc-1948\\\/#primaryimage\"},\"thumbnailUrl\":\"http:\\\/\\\/andre-evard.de\\\/wp-content\\\/uploads\\\/2026\\\/04\\\/JM2216_Andre-Evard_Red-Roses-n.D._325x27cm-scaled.jpg\",\"articleSection\":[\"Nature morte\"],\"inLanguage\":\"fr-FR\",\"potentialAction\":[{\"@type\":\"CommentAction\",\"name\":\"Comment\",\"target\":[\"http:\\\/\\\/andre-evard.de\\\/fr\\\/nature-morte\\\/roses-rouges-dans-un-pot-blanc-1948\\\/#respond\"]}]},{\"@type\":\"WebPage\",\"@id\":\"http:\\\/\\\/andre-evard.de\\\/fr\\\/nature-morte\\\/roses-rouges-dans-un-pot-blanc-1948\\\/\",\"url\":\"http:\\\/\\\/andre-evard.de\\\/fr\\\/nature-morte\\\/roses-rouges-dans-un-pot-blanc-1948\\\/\",\"name\":\"Roses rouges dans un pot blanc, 1948 - Andr\u00e9 Evard\",\"isPartOf\":{\"@id\":\"http:\\\/\\\/andre-evard.de\\\/fr\\\/#website\"},\"primaryImageOfPage\":{\"@id\":\"http:\\\/\\\/andre-evard.de\\\/fr\\\/nature-morte\\\/roses-rouges-dans-un-pot-blanc-1948\\\/#primaryimage\"},\"image\":{\"@id\":\"http:\\\/\\\/andre-evard.de\\\/fr\\\/nature-morte\\\/roses-rouges-dans-un-pot-blanc-1948\\\/#primaryimage\"},\"thumbnailUrl\":\"http:\\\/\\\/andre-evard.de\\\/wp-content\\\/uploads\\\/2026\\\/04\\\/JM2216_Andre-Evard_Red-Roses-n.D._325x27cm-scaled.jpg\",\"datePublished\":\"2026-04-17T08:45:46+00:00\",\"breadcrumb\":{\"@id\":\"http:\\\/\\\/andre-evard.de\\\/fr\\\/nature-morte\\\/roses-rouges-dans-un-pot-blanc-1948\\\/#breadcrumb\"},\"inLanguage\":\"fr-FR\",\"potentialAction\":[{\"@type\":\"ReadAction\",\"target\":[\"http:\\\/\\\/andre-evard.de\\\/fr\\\/nature-morte\\\/roses-rouges-dans-un-pot-blanc-1948\\\/\"]}]},{\"@type\":\"ImageObject\",\"inLanguage\":\"fr-FR\",\"@id\":\"http:\\\/\\\/andre-evard.de\\\/fr\\\/nature-morte\\\/roses-rouges-dans-un-pot-blanc-1948\\\/#primaryimage\",\"url\":\"http:\\\/\\\/andre-evard.de\\\/wp-content\\\/uploads\\\/2026\\\/04\\\/JM2216_Andre-Evard_Red-Roses-n.D._325x27cm-scaled.jpg\",\"contentUrl\":\"http:\\\/\\\/andre-evard.de\\\/wp-content\\\/uploads\\\/2026\\\/04\\\/JM2216_Andre-Evard_Red-Roses-n.D._325x27cm-scaled.jpg\",\"width\":2560,\"height\":1922},{\"@type\":\"BreadcrumbList\",\"@id\":\"http:\\\/\\\/andre-evard.de\\\/fr\\\/nature-morte\\\/roses-rouges-dans-un-pot-blanc-1948\\\/#breadcrumb\",\"itemListElement\":[{\"@type\":\"ListItem\",\"position\":1,\"name\":\"Accueil\",\"item\":\"http:\\\/\\\/andre-evard.de\\\/fr\\\/\"},{\"@type\":\"ListItem\",\"position\":2,\"name\":\"Roses rouges dans un pot blanc, 1948\"}]},{\"@type\":\"WebSite\",\"@id\":\"http:\\\/\\\/andre-evard.de\\\/fr\\\/#website\",\"url\":\"http:\\\/\\\/andre-evard.de\\\/fr\\\/\",\"name\":\"Andr\u00e9 Evard\",\"description\":\"\",\"publisher\":{\"@id\":\"http:\\\/\\\/andre-evard.de\\\/fr\\\/#organization\"},\"potentialAction\":[{\"@type\":\"SearchAction\",\"target\":{\"@type\":\"EntryPoint\",\"urlTemplate\":\"http:\\\/\\\/andre-evard.de\\\/fr\\\/?s={search_term_string}\"},\"query-input\":{\"@type\":\"PropertyValueSpecification\",\"valueRequired\":true,\"valueName\":\"search_term_string\"}}],\"inLanguage\":\"fr-FR\"},{\"@type\":\"Organization\",\"@id\":\"http:\\\/\\\/andre-evard.de\\\/fr\\\/#organization\",\"name\":\"Andr\u00e9 Evard\",\"url\":\"http:\\\/\\\/andre-evard.de\\\/fr\\\/\",\"logo\":{\"@type\":\"ImageObject\",\"inLanguage\":\"fr-FR\",\"@id\":\"http:\\\/\\\/andre-evard.de\\\/fr\\\/#\\\/schema\\\/logo\\\/image\\\/\",\"url\":\"http:\\\/\\\/andre-evard.de\\\/wp-content\\\/uploads\\\/2025\\\/04\\\/Logo-AE-Black.svg\",\"contentUrl\":\"http:\\\/\\\/andre-evard.de\\\/wp-content\\\/uploads\\\/2025\\\/04\\\/Logo-AE-Black.svg\",\"width\":140,\"height\":30,\"caption\":\"Andr\u00e9 Evard\"},\"image\":{\"@id\":\"http:\\\/\\\/andre-evard.de\\\/fr\\\/#\\\/schema\\\/logo\\\/image\\\/\"}},{\"@type\":\"Person\",\"@id\":\"http:\\\/\\\/andre-evard.de\\\/fr\\\/#\\\/schema\\\/person\\\/94d070d67cd77c7e59d02b583a104044\",\"name\":\"ErikLachfeld\",\"image\":{\"@type\":\"ImageObject\",\"inLanguage\":\"fr-FR\",\"@id\":\"https:\\\/\\\/secure.gravatar.com\\\/avatar\\\/d5d42cc40010ba9998f57d7cebaf2952e1274f5c452ff570f85bbee0f9ecb43a?s=96&d=mm&r=g\",\"url\":\"https:\\\/\\\/secure.gravatar.com\\\/avatar\\\/d5d42cc40010ba9998f57d7cebaf2952e1274f5c452ff570f85bbee0f9ecb43a?s=96&d=mm&r=g\",\"contentUrl\":\"https:\\\/\\\/secure.gravatar.com\\\/avatar\\\/d5d42cc40010ba9998f57d7cebaf2952e1274f5c452ff570f85bbee0f9ecb43a?s=96&d=mm&r=g\",\"caption\":\"ErikLachfeld\"},\"sameAs\":[\"https:\\\/\\\/andre-evard.de\"],\"url\":\"http:\\\/\\\/andre-evard.de\\\/fr\\\/author\\\/eriklachfeld\\\/\"}]}<\/script>\n<!-- \/ Yoast SEO plugin. -->","yoast_head_json":{"title":"Roses rouges dans un pot blanc, 1948 - Andr\u00e9 Evard","robots":{"index":"index","follow":"follow","max-snippet":"max-snippet:-1","max-image-preview":"max-image-preview:large","max-video-preview":"max-video-preview:-1"},"canonical":"http:\/\/andre-evard.de\/fr\/nature-morte\/roses-rouges-dans-un-pot-blanc-1948\/","og_locale":"fr_FR","og_type":"article","og_title":"Roses rouges dans un pot blanc, 1948 - Andr\u00e9 Evard","og_description":"Roses rouges dans un pot blanc, 1948, aquarelle sur papier, 27 x 32,5 cm (avec cadre), 10,5 x 14,2 cm (sans cadre)","og_url":"http:\/\/andre-evard.de\/fr\/nature-morte\/roses-rouges-dans-un-pot-blanc-1948\/","og_site_name":"Andr\u00e9 Evard","article_published_time":"2026-04-17T08:45:46+00:00","og_image":[{"width":2560,"height":1922,"url":"https:\/\/andre-evard.de\/wp-content\/uploads\/2026\/04\/JM2216_Andre-Evard_Red-Roses-n.D._325x27cm-scaled.jpg","type":"image\/jpeg"}],"author":"ErikLachfeld","twitter_card":"summary_large_image","twitter_misc":{"\u00c9crit par":"ErikLachfeld","Dur\u00e9e de lecture estim\u00e9e":"1 minute"},"schema":{"@context":"https:\/\/schema.org","@graph":[{"@type":"Article","@id":"http:\/\/andre-evard.de\/fr\/nature-morte\/roses-rouges-dans-un-pot-blanc-1948\/#article","isPartOf":{"@id":"http:\/\/andre-evard.de\/fr\/nature-morte\/roses-rouges-dans-un-pot-blanc-1948\/"},"author":{"name":"ErikLachfeld","@id":"http:\/\/andre-evard.de\/fr\/#\/schema\/person\/94d070d67cd77c7e59d02b583a104044"},"headline":"Roses rouges dans un pot blanc, 1948","datePublished":"2026-04-17T08:45:46+00:00","mainEntityOfPage":{"@id":"http:\/\/andre-evard.de\/fr\/nature-morte\/roses-rouges-dans-un-pot-blanc-1948\/"},"wordCount":184,"commentCount":0,"publisher":{"@id":"http:\/\/andre-evard.de\/fr\/#organization"},"image":{"@id":"http:\/\/andre-evard.de\/fr\/nature-morte\/roses-rouges-dans-un-pot-blanc-1948\/#primaryimage"},"thumbnailUrl":"http:\/\/andre-evard.de\/wp-content\/uploads\/2026\/04\/JM2216_Andre-Evard_Red-Roses-n.D._325x27cm-scaled.jpg","articleSection":["Nature morte"],"inLanguage":"fr-FR","potentialAction":[{"@type":"CommentAction","name":"Comment","target":["http:\/\/andre-evard.de\/fr\/nature-morte\/roses-rouges-dans-un-pot-blanc-1948\/#respond"]}]},{"@type":"WebPage","@id":"http:\/\/andre-evard.de\/fr\/nature-morte\/roses-rouges-dans-un-pot-blanc-1948\/","url":"http:\/\/andre-evard.de\/fr\/nature-morte\/roses-rouges-dans-un-pot-blanc-1948\/","name":"Roses rouges dans un pot blanc, 1948 - Andr\u00e9 Evard","isPartOf":{"@id":"http:\/\/andre-evard.de\/fr\/#website"},"primaryImageOfPage":{"@id":"http:\/\/andre-evard.de\/fr\/nature-morte\/roses-rouges-dans-un-pot-blanc-1948\/#primaryimage"},"image":{"@id":"http:\/\/andre-evard.de\/fr\/nature-morte\/roses-rouges-dans-un-pot-blanc-1948\/#primaryimage"},"thumbnailUrl":"http:\/\/andre-evard.de\/wp-content\/uploads\/2026\/04\/JM2216_Andre-Evard_Red-Roses-n.D._325x27cm-scaled.jpg","datePublished":"2026-04-17T08:45:46+00:00","breadcrumb":{"@id":"http:\/\/andre-evard.de\/fr\/nature-morte\/roses-rouges-dans-un-pot-blanc-1948\/#breadcrumb"},"inLanguage":"fr-FR","potentialAction":[{"@type":"ReadAction","target":["http:\/\/andre-evard.de\/fr\/nature-morte\/roses-rouges-dans-un-pot-blanc-1948\/"]}]},{"@type":"ImageObject","inLanguage":"fr-FR","@id":"http:\/\/andre-evard.de\/fr\/nature-morte\/roses-rouges-dans-un-pot-blanc-1948\/#primaryimage","url":"http:\/\/andre-evard.de\/wp-content\/uploads\/2026\/04\/JM2216_Andre-Evard_Red-Roses-n.D._325x27cm-scaled.jpg","contentUrl":"http:\/\/andre-evard.de\/wp-content\/uploads\/2026\/04\/JM2216_Andre-Evard_Red-Roses-n.D._325x27cm-scaled.jpg","width":2560,"height":1922},{"@type":"BreadcrumbList","@id":"http:\/\/andre-evard.de\/fr\/nature-morte\/roses-rouges-dans-un-pot-blanc-1948\/#breadcrumb","itemListElement":[{"@type":"ListItem","position":1,"name":"Accueil","item":"http:\/\/andre-evard.de\/fr\/"},{"@type":"ListItem","position":2,"name":"Roses rouges dans un pot blanc, 1948"}]},{"@type":"WebSite","@id":"http:\/\/andre-evard.de\/fr\/#website","url":"http:\/\/andre-evard.de\/fr\/","name":"Andr\u00e9 Evard","description":"","publisher":{"@id":"http:\/\/andre-evard.de\/fr\/#organization"},"potentialAction":[{"@type":"SearchAction","target":{"@type":"EntryPoint","urlTemplate":"http:\/\/andre-evard.de\/fr\/?s={search_term_string}"},"query-input":{"@type":"PropertyValueSpecification","valueRequired":true,"valueName":"search_term_string"}}],"inLanguage":"fr-FR"},{"@type":"Organization","@id":"http:\/\/andre-evard.de\/fr\/#organization","name":"Andr\u00e9 Evard","url":"http:\/\/andre-evard.de\/fr\/","logo":{"@type":"ImageObject","inLanguage":"fr-FR","@id":"http:\/\/andre-evard.de\/fr\/#\/schema\/logo\/image\/","url":"http:\/\/andre-evard.de\/wp-content\/uploads\/2025\/04\/Logo-AE-Black.svg","contentUrl":"http:\/\/andre-evard.de\/wp-content\/uploads\/2025\/04\/Logo-AE-Black.svg","width":140,"height":30,"caption":"Andr\u00e9 Evard"},"image":{"@id":"http:\/\/andre-evard.de\/fr\/#\/schema\/logo\/image\/"}},{"@type":"Person","@id":"http:\/\/andre-evard.de\/fr\/#\/schema\/person\/94d070d67cd77c7e59d02b583a104044","name":"ErikLachfeld","image":{"@type":"ImageObject","inLanguage":"fr-FR","@id":"https:\/\/secure.gravatar.com\/avatar\/d5d42cc40010ba9998f57d7cebaf2952e1274f5c452ff570f85bbee0f9ecb43a?s=96&d=mm&r=g","url":"https:\/\/secure.gravatar.com\/avatar\/d5d42cc40010ba9998f57d7cebaf2952e1274f5c452ff570f85bbee0f9ecb43a?s=96&d=mm&r=g","contentUrl":"https:\/\/secure.gravatar.com\/avatar\/d5d42cc40010ba9998f57d7cebaf2952e1274f5c452ff570f85bbee0f9ecb43a?s=96&d=mm&r=g","caption":"ErikLachfeld"},"sameAs":["https:\/\/andre-evard.de"],"url":"http:\/\/andre-evard.de\/fr\/author\/eriklachfeld\/"}]}},"_links":{"self":[{"href":"http:\/\/andre-evard.de\/fr\/wp-json\/wp\/v2\/posts\/3652","targetHints":{"allow":["GET"]}}],"collection":[{"href":"http:\/\/andre-evard.de\/fr\/wp-json\/wp\/v2\/posts"}],"about":[{"href":"http:\/\/andre-evard.de\/fr\/wp-json\/wp\/v2\/types\/post"}],"author":[{"embeddable":true,"href":"http:\/\/andre-evard.de\/fr\/wp-json\/wp\/v2\/users\/1"}],"replies":[{"embeddable":true,"href":"http:\/\/andre-evard.de\/fr\/wp-json\/wp\/v2\/comments?post=3652"}],"version-history":[{"count":0,"href":"http:\/\/andre-evard.de\/fr\/wp-json\/wp\/v2\/posts\/3652\/revisions"}],"wp:featuredmedia":[{"embeddable":true,"href":"http:\/\/andre-evard.de\/fr\/wp-json\/wp\/v2\/media\/3654"}],"wp:attachment":[{"href":"http:\/\/andre-evard.de\/fr\/wp-json\/wp\/v2\/media?parent=3652"}],"wp:term":[{"taxonomy":"category","embeddable":true,"href":"http:\/\/andre-evard.de\/fr\/wp-json\/wp\/v2\/categories?post=3652"},{"taxonomy":"post_tag","embeddable":true,"href":"http:\/\/andre-evard.de\/fr\/wp-json\/wp\/v2\/tags?post=3652"}],"curies":[{"name":"wp","href":"https:\/\/api.w.org\/{rel}","templated":true}]}}