{"id":3441,"date":"2026-04-17T09:37:57","date_gmt":"2026-04-17T07:37:57","guid":{"rendered":"https:\/\/andre-evard.de\/nicht-kategorisiert\/winter-landscape-with-sunset-1916\/"},"modified":"2026-04-17T09:37:57","modified_gmt":"2026-04-17T07:37:57","slug":"winter-landscape-with-sunset-1916","status":"publish","type":"post","link":"https:\/\/andre-evard.de\/en\/landscape\/winter-landscape-with-sunset-1916\/","title":{"rendered":"Winter Landscape with Sunset, 1916"},"content":{"rendered":"<p>The painting depicts a colorful winter landscape characterized by strong contrasts between warm and cool tones. In the foreground, a snow-covered surface is rendered in luminous shades of blue, violet, and pink. Several fir trees rise dark and slender from the snow, forming a distinct contrast to the intense sky in the background.<br \/>\nThe sky is the central element of the painting: from a radiant yellow around the sun, the color gradient transitions through warm orange and red tones to cool blue at the upper edge of the composition. This powerful chromatic effect conveys the impression of a dramatic winter sunset.<br \/>\nThe painting style appears expressive and emphasizes the emotional character of the scene. The bold brushstrokes and luminous colors lend the work a vibrant, almost surrealistic atmosphere. Despite the winter cold and the ongoing First World War, the painting radiates warmth and movement.     <\/p>\n","protected":false},"excerpt":{"rendered":"<p>Winter Landscape with Sunset, 1916, oil on hardboard, 45 \u00d7 58.5 cm (framed), 17.1 \u00d7 41.1 cm (unframed)<\/p>\n","protected":false},"author":1,"featured_media":3443,"comment_status":"open","ping_status":"open","sticky":false,"template":"","format":"standard","meta":{"iawp_total_views":0,"footnotes":""},"categories":[38],"tags":[],"class_list":["post-3441","post","type-post","status-publish","format-standard","has-post-thumbnail","hentry","category-landscape"],"yoast_head":"<!-- This site is optimized with the Yoast SEO plugin v27.4 - https:\/\/yoast.com\/product\/yoast-seo-wordpress\/ -->\n<title>Winter Landscape with Sunset, 1916 - Andr\u00e9 Evard<\/title>\n<meta name=\"robots\" content=\"index, follow, max-snippet:-1, max-image-preview:large, max-video-preview:-1\" \/>\n<link rel=\"canonical\" href=\"https:\/\/andre-evard.de\/en\/landscape\/winter-landscape-with-sunset-1916\/\" \/>\n<meta property=\"og:locale\" content=\"en_US\" \/>\n<meta property=\"og:type\" content=\"article\" \/>\n<meta property=\"og:title\" content=\"Winter Landscape with Sunset, 1916 - Andr\u00e9 Evard\" \/>\n<meta property=\"og:description\" content=\"Winter Landscape with Sunset, 1916, oil on hardboard, 45 \u00d7 58.5 cm (framed), 17.1 \u00d7 41.1 cm (unframed)\" \/>\n<meta property=\"og:url\" content=\"https:\/\/andre-evard.de\/en\/landscape\/winter-landscape-with-sunset-1916\/\" \/>\n<meta property=\"og:site_name\" content=\"Andr\u00e9 Evard\" \/>\n<meta property=\"article:published_time\" content=\"2026-04-17T07:37:57+00:00\" \/>\n<meta property=\"og:image\" content=\"https:\/\/andre-evard.de\/wp-content\/uploads\/2026\/04\/JM2473_Andre-Evard_Winter-landscape-with-sunset_1916_585x45cm-scaled.jpg\" \/>\n\t<meta property=\"og:image:width\" content=\"2560\" \/>\n\t<meta property=\"og:image:height\" content=\"1663\" \/>\n\t<meta property=\"og:image:type\" content=\"image\/jpeg\" \/>\n<meta name=\"author\" content=\"ErikLachfeld\" \/>\n<meta name=\"twitter:card\" content=\"summary_large_image\" \/>\n<meta name=\"twitter:label1\" content=\"Written by\" \/>\n\t<meta name=\"twitter:data1\" content=\"ErikLachfeld\" \/>\n\t<meta name=\"twitter:label2\" content=\"Est. reading time\" \/>\n\t<meta name=\"twitter:data2\" content=\"1 minute\" \/>\n<script type=\"application\/ld+json\" class=\"yoast-schema-graph\">{\"@context\":\"https:\\\/\\\/schema.org\",\"@graph\":[{\"@type\":\"Article\",\"@id\":\"https:\\\/\\\/andre-evard.de\\\/en\\\/landscape\\\/winter-landscape-with-sunset-1916\\\/#article\",\"isPartOf\":{\"@id\":\"https:\\\/\\\/andre-evard.de\\\/en\\\/landscape\\\/winter-landscape-with-sunset-1916\\\/\"},\"author\":{\"name\":\"ErikLachfeld\",\"@id\":\"http:\\\/\\\/andre-evard.de\\\/en\\\/#\\\/schema\\\/person\\\/94d070d67cd77c7e59d02b583a104044\"},\"headline\":\"Winter Landscape with Sunset, 1916\",\"datePublished\":\"2026-04-17T07:37:57+00:00\",\"mainEntityOfPage\":{\"@id\":\"https:\\\/\\\/andre-evard.de\\\/en\\\/landscape\\\/winter-landscape-with-sunset-1916\\\/\"},\"wordCount\":148,\"commentCount\":0,\"publisher\":{\"@id\":\"http:\\\/\\\/andre-evard.de\\\/en\\\/#organization\"},\"image\":{\"@id\":\"https:\\\/\\\/andre-evard.de\\\/en\\\/landscape\\\/winter-landscape-with-sunset-1916\\\/#primaryimage\"},\"thumbnailUrl\":\"https:\\\/\\\/andre-evard.de\\\/wp-content\\\/uploads\\\/2026\\\/04\\\/JM2473_Andre-Evard_Winter-landscape-with-sunset_1916_585x45cm-scaled.jpg\",\"articleSection\":[\"Landscape\"],\"inLanguage\":\"en-US\",\"potentialAction\":[{\"@type\":\"CommentAction\",\"name\":\"Comment\",\"target\":[\"https:\\\/\\\/andre-evard.de\\\/en\\\/landscape\\\/winter-landscape-with-sunset-1916\\\/#respond\"]}]},{\"@type\":\"WebPage\",\"@id\":\"https:\\\/\\\/andre-evard.de\\\/en\\\/landscape\\\/winter-landscape-with-sunset-1916\\\/\",\"url\":\"https:\\\/\\\/andre-evard.de\\\/en\\\/landscape\\\/winter-landscape-with-sunset-1916\\\/\",\"name\":\"Winter Landscape with Sunset, 1916 - Andr\u00e9 Evard\",\"isPartOf\":{\"@id\":\"http:\\\/\\\/andre-evard.de\\\/en\\\/#website\"},\"primaryImageOfPage\":{\"@id\":\"https:\\\/\\\/andre-evard.de\\\/en\\\/landscape\\\/winter-landscape-with-sunset-1916\\\/#primaryimage\"},\"image\":{\"@id\":\"https:\\\/\\\/andre-evard.de\\\/en\\\/landscape\\\/winter-landscape-with-sunset-1916\\\/#primaryimage\"},\"thumbnailUrl\":\"https:\\\/\\\/andre-evard.de\\\/wp-content\\\/uploads\\\/2026\\\/04\\\/JM2473_Andre-Evard_Winter-landscape-with-sunset_1916_585x45cm-scaled.jpg\",\"datePublished\":\"2026-04-17T07:37:57+00:00\",\"breadcrumb\":{\"@id\":\"https:\\\/\\\/andre-evard.de\\\/en\\\/landscape\\\/winter-landscape-with-sunset-1916\\\/#breadcrumb\"},\"inLanguage\":\"en-US\",\"potentialAction\":[{\"@type\":\"ReadAction\",\"target\":[\"https:\\\/\\\/andre-evard.de\\\/en\\\/landscape\\\/winter-landscape-with-sunset-1916\\\/\"]}]},{\"@type\":\"ImageObject\",\"inLanguage\":\"en-US\",\"@id\":\"https:\\\/\\\/andre-evard.de\\\/en\\\/landscape\\\/winter-landscape-with-sunset-1916\\\/#primaryimage\",\"url\":\"https:\\\/\\\/andre-evard.de\\\/wp-content\\\/uploads\\\/2026\\\/04\\\/JM2473_Andre-Evard_Winter-landscape-with-sunset_1916_585x45cm-scaled.jpg\",\"contentUrl\":\"https:\\\/\\\/andre-evard.de\\\/wp-content\\\/uploads\\\/2026\\\/04\\\/JM2473_Andre-Evard_Winter-landscape-with-sunset_1916_585x45cm-scaled.jpg\",\"width\":2560,\"height\":1663},{\"@type\":\"BreadcrumbList\",\"@id\":\"https:\\\/\\\/andre-evard.de\\\/en\\\/landscape\\\/winter-landscape-with-sunset-1916\\\/#breadcrumb\",\"itemListElement\":[{\"@type\":\"ListItem\",\"position\":1,\"name\":\"Startseite\",\"item\":\"https:\\\/\\\/andre-evard.de\\\/en\\\/\"},{\"@type\":\"ListItem\",\"position\":2,\"name\":\"Winter Landscape with Sunset, 1916\"}]},{\"@type\":\"WebSite\",\"@id\":\"http:\\\/\\\/andre-evard.de\\\/en\\\/#website\",\"url\":\"http:\\\/\\\/andre-evard.de\\\/en\\\/\",\"name\":\"Andr\u00e9 Evard\",\"description\":\"\",\"publisher\":{\"@id\":\"http:\\\/\\\/andre-evard.de\\\/en\\\/#organization\"},\"potentialAction\":[{\"@type\":\"SearchAction\",\"target\":{\"@type\":\"EntryPoint\",\"urlTemplate\":\"http:\\\/\\\/andre-evard.de\\\/en\\\/?s={search_term_string}\"},\"query-input\":{\"@type\":\"PropertyValueSpecification\",\"valueRequired\":true,\"valueName\":\"search_term_string\"}}],\"inLanguage\":\"en-US\"},{\"@type\":\"Organization\",\"@id\":\"http:\\\/\\\/andre-evard.de\\\/en\\\/#organization\",\"name\":\"Andr\u00e9 Evard\",\"url\":\"http:\\\/\\\/andre-evard.de\\\/en\\\/\",\"logo\":{\"@type\":\"ImageObject\",\"inLanguage\":\"en-US\",\"@id\":\"http:\\\/\\\/andre-evard.de\\\/en\\\/#\\\/schema\\\/logo\\\/image\\\/\",\"url\":\"https:\\\/\\\/andre-evard.de\\\/wp-content\\\/uploads\\\/2025\\\/04\\\/Logo-AE-Black.svg\",\"contentUrl\":\"https:\\\/\\\/andre-evard.de\\\/wp-content\\\/uploads\\\/2025\\\/04\\\/Logo-AE-Black.svg\",\"width\":140,\"height\":30,\"caption\":\"Andr\u00e9 Evard\"},\"image\":{\"@id\":\"http:\\\/\\\/andre-evard.de\\\/en\\\/#\\\/schema\\\/logo\\\/image\\\/\"}},{\"@type\":\"Person\",\"@id\":\"http:\\\/\\\/andre-evard.de\\\/en\\\/#\\\/schema\\\/person\\\/94d070d67cd77c7e59d02b583a104044\",\"name\":\"ErikLachfeld\",\"image\":{\"@type\":\"ImageObject\",\"inLanguage\":\"en-US\",\"@id\":\"https:\\\/\\\/secure.gravatar.com\\\/avatar\\\/d5d42cc40010ba9998f57d7cebaf2952e1274f5c452ff570f85bbee0f9ecb43a?s=96&d=mm&r=g\",\"url\":\"https:\\\/\\\/secure.gravatar.com\\\/avatar\\\/d5d42cc40010ba9998f57d7cebaf2952e1274f5c452ff570f85bbee0f9ecb43a?s=96&d=mm&r=g\",\"contentUrl\":\"https:\\\/\\\/secure.gravatar.com\\\/avatar\\\/d5d42cc40010ba9998f57d7cebaf2952e1274f5c452ff570f85bbee0f9ecb43a?s=96&d=mm&r=g\",\"caption\":\"ErikLachfeld\"},\"sameAs\":[\"https:\\\/\\\/andre-evard.de\"],\"url\":\"https:\\\/\\\/andre-evard.de\\\/en\\\/author\\\/eriklachfeld\\\/\"}]}<\/script>\n<!-- \/ Yoast SEO plugin. -->","yoast_head_json":{"title":"Winter Landscape with Sunset, 1916 - Andr\u00e9 Evard","robots":{"index":"index","follow":"follow","max-snippet":"max-snippet:-1","max-image-preview":"max-image-preview:large","max-video-preview":"max-video-preview:-1"},"canonical":"https:\/\/andre-evard.de\/en\/landscape\/winter-landscape-with-sunset-1916\/","og_locale":"en_US","og_type":"article","og_title":"Winter Landscape with Sunset, 1916 - Andr\u00e9 Evard","og_description":"Winter Landscape with Sunset, 1916, oil on hardboard, 45 \u00d7 58.5 cm (framed), 17.1 \u00d7 41.1 cm (unframed)","og_url":"https:\/\/andre-evard.de\/en\/landscape\/winter-landscape-with-sunset-1916\/","og_site_name":"Andr\u00e9 Evard","article_published_time":"2026-04-17T07:37:57+00:00","og_image":[{"width":2560,"height":1663,"url":"https:\/\/andre-evard.de\/wp-content\/uploads\/2026\/04\/JM2473_Andre-Evard_Winter-landscape-with-sunset_1916_585x45cm-scaled.jpg","type":"image\/jpeg"}],"author":"ErikLachfeld","twitter_card":"summary_large_image","twitter_misc":{"Written by":"ErikLachfeld","Est. reading time":"1 minute"},"schema":{"@context":"https:\/\/schema.org","@graph":[{"@type":"Article","@id":"https:\/\/andre-evard.de\/en\/landscape\/winter-landscape-with-sunset-1916\/#article","isPartOf":{"@id":"https:\/\/andre-evard.de\/en\/landscape\/winter-landscape-with-sunset-1916\/"},"author":{"name":"ErikLachfeld","@id":"http:\/\/andre-evard.de\/en\/#\/schema\/person\/94d070d67cd77c7e59d02b583a104044"},"headline":"Winter Landscape with Sunset, 1916","datePublished":"2026-04-17T07:37:57+00:00","mainEntityOfPage":{"@id":"https:\/\/andre-evard.de\/en\/landscape\/winter-landscape-with-sunset-1916\/"},"wordCount":148,"commentCount":0,"publisher":{"@id":"http:\/\/andre-evard.de\/en\/#organization"},"image":{"@id":"https:\/\/andre-evard.de\/en\/landscape\/winter-landscape-with-sunset-1916\/#primaryimage"},"thumbnailUrl":"https:\/\/andre-evard.de\/wp-content\/uploads\/2026\/04\/JM2473_Andre-Evard_Winter-landscape-with-sunset_1916_585x45cm-scaled.jpg","articleSection":["Landscape"],"inLanguage":"en-US","potentialAction":[{"@type":"CommentAction","name":"Comment","target":["https:\/\/andre-evard.de\/en\/landscape\/winter-landscape-with-sunset-1916\/#respond"]}]},{"@type":"WebPage","@id":"https:\/\/andre-evard.de\/en\/landscape\/winter-landscape-with-sunset-1916\/","url":"https:\/\/andre-evard.de\/en\/landscape\/winter-landscape-with-sunset-1916\/","name":"Winter Landscape with Sunset, 1916 - Andr\u00e9 Evard","isPartOf":{"@id":"http:\/\/andre-evard.de\/en\/#website"},"primaryImageOfPage":{"@id":"https:\/\/andre-evard.de\/en\/landscape\/winter-landscape-with-sunset-1916\/#primaryimage"},"image":{"@id":"https:\/\/andre-evard.de\/en\/landscape\/winter-landscape-with-sunset-1916\/#primaryimage"},"thumbnailUrl":"https:\/\/andre-evard.de\/wp-content\/uploads\/2026\/04\/JM2473_Andre-Evard_Winter-landscape-with-sunset_1916_585x45cm-scaled.jpg","datePublished":"2026-04-17T07:37:57+00:00","breadcrumb":{"@id":"https:\/\/andre-evard.de\/en\/landscape\/winter-landscape-with-sunset-1916\/#breadcrumb"},"inLanguage":"en-US","potentialAction":[{"@type":"ReadAction","target":["https:\/\/andre-evard.de\/en\/landscape\/winter-landscape-with-sunset-1916\/"]}]},{"@type":"ImageObject","inLanguage":"en-US","@id":"https:\/\/andre-evard.de\/en\/landscape\/winter-landscape-with-sunset-1916\/#primaryimage","url":"https:\/\/andre-evard.de\/wp-content\/uploads\/2026\/04\/JM2473_Andre-Evard_Winter-landscape-with-sunset_1916_585x45cm-scaled.jpg","contentUrl":"https:\/\/andre-evard.de\/wp-content\/uploads\/2026\/04\/JM2473_Andre-Evard_Winter-landscape-with-sunset_1916_585x45cm-scaled.jpg","width":2560,"height":1663},{"@type":"BreadcrumbList","@id":"https:\/\/andre-evard.de\/en\/landscape\/winter-landscape-with-sunset-1916\/#breadcrumb","itemListElement":[{"@type":"ListItem","position":1,"name":"Startseite","item":"https:\/\/andre-evard.de\/en\/"},{"@type":"ListItem","position":2,"name":"Winter Landscape with Sunset, 1916"}]},{"@type":"WebSite","@id":"http:\/\/andre-evard.de\/en\/#website","url":"http:\/\/andre-evard.de\/en\/","name":"Andr\u00e9 Evard","description":"","publisher":{"@id":"http:\/\/andre-evard.de\/en\/#organization"},"potentialAction":[{"@type":"SearchAction","target":{"@type":"EntryPoint","urlTemplate":"http:\/\/andre-evard.de\/en\/?s={search_term_string}"},"query-input":{"@type":"PropertyValueSpecification","valueRequired":true,"valueName":"search_term_string"}}],"inLanguage":"en-US"},{"@type":"Organization","@id":"http:\/\/andre-evard.de\/en\/#organization","name":"Andr\u00e9 Evard","url":"http:\/\/andre-evard.de\/en\/","logo":{"@type":"ImageObject","inLanguage":"en-US","@id":"http:\/\/andre-evard.de\/en\/#\/schema\/logo\/image\/","url":"https:\/\/andre-evard.de\/wp-content\/uploads\/2025\/04\/Logo-AE-Black.svg","contentUrl":"https:\/\/andre-evard.de\/wp-content\/uploads\/2025\/04\/Logo-AE-Black.svg","width":140,"height":30,"caption":"Andr\u00e9 Evard"},"image":{"@id":"http:\/\/andre-evard.de\/en\/#\/schema\/logo\/image\/"}},{"@type":"Person","@id":"http:\/\/andre-evard.de\/en\/#\/schema\/person\/94d070d67cd77c7e59d02b583a104044","name":"ErikLachfeld","image":{"@type":"ImageObject","inLanguage":"en-US","@id":"https:\/\/secure.gravatar.com\/avatar\/d5d42cc40010ba9998f57d7cebaf2952e1274f5c452ff570f85bbee0f9ecb43a?s=96&d=mm&r=g","url":"https:\/\/secure.gravatar.com\/avatar\/d5d42cc40010ba9998f57d7cebaf2952e1274f5c452ff570f85bbee0f9ecb43a?s=96&d=mm&r=g","contentUrl":"https:\/\/secure.gravatar.com\/avatar\/d5d42cc40010ba9998f57d7cebaf2952e1274f5c452ff570f85bbee0f9ecb43a?s=96&d=mm&r=g","caption":"ErikLachfeld"},"sameAs":["https:\/\/andre-evard.de"],"url":"https:\/\/andre-evard.de\/en\/author\/eriklachfeld\/"}]}},"_links":{"self":[{"href":"https:\/\/andre-evard.de\/en\/wp-json\/wp\/v2\/posts\/3441","targetHints":{"allow":["GET"]}}],"collection":[{"href":"https:\/\/andre-evard.de\/en\/wp-json\/wp\/v2\/posts"}],"about":[{"href":"https:\/\/andre-evard.de\/en\/wp-json\/wp\/v2\/types\/post"}],"author":[{"embeddable":true,"href":"https:\/\/andre-evard.de\/en\/wp-json\/wp\/v2\/users\/1"}],"replies":[{"embeddable":true,"href":"https:\/\/andre-evard.de\/en\/wp-json\/wp\/v2\/comments?post=3441"}],"version-history":[{"count":0,"href":"https:\/\/andre-evard.de\/en\/wp-json\/wp\/v2\/posts\/3441\/revisions"}],"wp:featuredmedia":[{"embeddable":true,"href":"https:\/\/andre-evard.de\/en\/wp-json\/wp\/v2\/media\/3443"}],"wp:attachment":[{"href":"https:\/\/andre-evard.de\/en\/wp-json\/wp\/v2\/media?parent=3441"}],"wp:term":[{"taxonomy":"category","embeddable":true,"href":"https:\/\/andre-evard.de\/en\/wp-json\/wp\/v2\/categories?post=3441"},{"taxonomy":"post_tag","embeddable":true,"href":"https:\/\/andre-evard.de\/en\/wp-json\/wp\/v2\/tags?post=3441"}],"curies":[{"name":"wp","href":"https:\/\/api.w.org\/{rel}","templated":true}]}}