{"id":2472,"date":"2025-05-07T18:18:34","date_gmt":"2025-05-07T16:18:34","guid":{"rendered":"https:\/\/andre-evard.de\/non-categorise\/coucher-de-soleil-1954\/"},"modified":"2025-10-12T21:03:25","modified_gmt":"2025-10-12T19:03:25","slug":"coucher-de-soleil-1954","status":"publish","type":"post","link":"https:\/\/andre-evard.de\/fr\/paysage\/coucher-de-soleil-1954\/","title":{"rendered":"Coucher de soleil, 1954"},"content":{"rendered":"\n<p>Les paysages naturels constituent un motif central dans l&rsquo;\u0153uvre d&rsquo;Evard. Il ne se contente pas de peindre diff\u00e9rents objets naturels, mais accorde une attention particuli\u00e8re \u00e0 <g id=\"gid_0\">certaines conditions d&rsquo;\u00e9clairage<\/g> et se laisse guider par <g id=\"gid_1\">les ambiances<g id=\"gid_2\"> <\/g>dans la nature<\/g> ainsi que par certaines situations lumineuses. C&rsquo;est \u00e9galement le cas dans le tableau que nous pr\u00e9sentons ici.<br\/>Le pr\u00e9sent travail <strong>expressionniste<\/strong> montre un paysage marin au premier plan avec une cha\u00eene de montagnes \u00e0 l&rsquo;arri\u00e8re-plan et un paysage c\u00e9leste \u00e0 l&rsquo;arri\u00e8re-plan.  <\/p>\n\n<p>Les plantes suppos\u00e9es, situ\u00e9es au bord inf\u00e9rieur du tableau, rendent <strong>la rive du lac<\/strong> et <strong>le lac en tant que tel<\/strong> reconnaissables. De plus, la cha\u00eene de montagnes d\u00e9limite le lac. Si l&rsquo;on imagine le tableau sans les plantes riveraines et sans la cha\u00eene de montagnes, il est probable que le plan d&rsquo;eau ne serait pas reconnaissable en tant que tel.  <br\/>Le lac est calme, on n&rsquo;y d\u00e9c\u00e8le aucun mouvement de vagues. Le ciel lui-m\u00eame est \u00e9galement calme, on ne voit que des nuages. Cela contribue \u00e9galement \u00e0 <g id=\"gid_0\">l&rsquo;atmosph\u00e8re paisible du paysage<\/g> que le tableau transmet au spectateur. Gr\u00e2ce au calme du lac et du ciel, le spectateur peut se concentrer sur <strong>la diversit\u00e9 des variations de couleurs<\/strong> et <strong>l&rsquo;expression intense<\/strong> des couleurs.   <\/p>\n\n<p>Le ciel aux couleurs \u00e9clatantes se pr\u00e9sente comme un <strong>pendant<\/strong> \u00e0 l&rsquo;\u00e9tendue d&rsquo;eau tout aussi color\u00e9e. Alors que le lac est maintenu dans des <g id=\"gid_1\">tons froids de bleu et de vert<\/g>, le ciel s\u00e9duit par des <g id=\"gid_2\">tons chauds de rouge et de jaune<\/g>. Evard ne se contente donc pas de th\u00e9matiser le ciel et la terre, ou l&rsquo;eau, en tant que <strong>couple d&rsquo;oppos\u00e9s<\/strong>, mais il \u00e9taye \u00e9galement cet antagonisme par son choix de couleurs. La <strong>cha\u00eene de montagnes noire<\/strong> sert de <strong>s\u00e9paration<\/strong> entre le milieu et l&rsquo;arri\u00e8re-plan contrast\u00e9s. L&rsquo;artiste cr\u00e9e ainsi une <strong>subtile perspective de profondeur<\/strong> qui, avec la m\u00eame famille de couleurs, aurait probablement produit un effet bidimensionnel. Les tons froids au premier plan occupent une plus grande surface d&rsquo;image que les tons chauds. Il en r\u00e9sulte que l&rsquo;atmosph\u00e8re calme, cr\u00e9\u00e9e par les tons plus froids, prend le dessus sur l&rsquo;ambiance plus excitante cr\u00e9\u00e9e par les tons chauds et domine ainsi l&rsquo;ambiance g\u00e9n\u00e9rale du tableau. Gr\u00e2ce aux tons chauds, une proximit\u00e9 \u00e9motionnelle se cr\u00e9e entre le spectateur et le tableau. En tant que couleurs qui attirent l&rsquo;attention, elles attirent l&rsquo;attention du spectateur sur ce qu&rsquo;elles symbolisent ici : le coucher de soleil.        <\/p>\n\n<p>Les nuages dans le ciel ainsi que les montagnes sont de couleur noire. Ce choix de couleurs sert \u00e9galement \u00e0 l&rsquo;ambiance apaisante du soir. De plus, la nuit tombante est ainsi <g id=\"gid_0\">annonc\u00e9e<\/g>.<br\/>Nous pouvons \u00e9galement constater que les nuages se refl\u00e8tent dans le lac et que, par cons\u00e9quent, nous retrouvons le noir de ceux-ci refl\u00e9t\u00e9. Cette r\u00e9flexion des nuages peut \u00eatre interpr\u00e9t\u00e9e comme une <strong>liaison entre le paysage lacustre et le paysage c\u00e9leste, qui semblent sinon s\u00e9par\u00e9s<\/strong>. Elle surmonte la s\u00e9paration apparente et symbolise <strong>l&rsquo;unit\u00e9<\/strong> des deux <strong>paysages<\/strong> pr\u00e9tendument s\u00e9par\u00e9s, qui <strong>se conditionnent mutuellement<\/strong>.<br\/>Le soleil, en tant qu&rsquo;objet central d&rsquo;un coucher de soleil et en tant que source des diff\u00e9rentes couleurs, n&rsquo;est pas visible. Seuls ses rayons peuvent \u00eatre distingu\u00e9s.     <\/p>\n\n<p>Les <strong>lignes horizontales<\/strong> <strong>dominent<\/strong> l&rsquo;ensemble du tableau. Les repr\u00e9sentations des montagnes et des plantes font exception. Elles sont le plus souvent repr\u00e9sent\u00e9es par des lignes diagonales, rarement aussi par des lignes verticales. Le premier plan direct n&rsquo;est pas seulement d\u00e9limit\u00e9 de son arri\u00e8re-plan par des lignes verticales, mais aussi par l&rsquo;application de peinture \u00e9paisse, presque en relief.<br\/>Le ductus du pinceau se pr\u00e9sente ici plut\u00f4t de mani\u00e8re <strong>plane<\/strong> qu&rsquo;expressive.   <\/p>\n\n<p>En tant que Suisse, Andr\u00e9 Evard a v\u00e9cu presque toute sa vie dans le <strong>Haut-Jura<\/strong> <strong>suisse<\/strong>. Outre les <g id=\"gid_2\">montagnes<\/g> situ\u00e9es dans les environs imm\u00e9diats, le <g id=\"gid_3\">lac de Neuch\u00e2tel<\/g> et le <g id=\"gid_4\">lac de Bienne<\/g> se trouvent non loin de son lieu de r\u00e9sidence, La Chaux-de-Fonds. Il a \u00e9t\u00e9 sans cesse <strong>inspir\u00e9<\/strong> par le paysage qui l&rsquo;a marqu\u00e9 dans sa jeunesse pour r\u00e9aliser diff\u00e9rents paysages qui nous fascinent encore aujourd&rsquo;hui.  <\/p>\n","protected":false},"excerpt":{"rendered":"<p>Coucher de soleil,<br \/>\n1954,<br \/>\npeinture \u00e0 l&rsquo;huile sur papier, 61 x 73 cm <\/p>\n","protected":false},"author":1,"featured_media":2473,"comment_status":"closed","ping_status":"closed","sticky":false,"template":"","format":"standard","meta":{"iawp_total_views":4,"footnotes":""},"categories":[36],"tags":[],"class_list":["post-2472","post","type-post","status-publish","format-standard","has-post-thumbnail","hentry","category-paysage"],"yoast_head":"<!-- This site is optimized with the Yoast SEO plugin v27.5 - https:\/\/yoast.com\/product\/yoast-seo-wordpress\/ -->\n<title>Coucher de soleil, 1954 - Andr\u00e9 Evard<\/title>\n<meta name=\"robots\" content=\"index, follow, max-snippet:-1, max-image-preview:large, max-video-preview:-1\" \/>\n<link rel=\"canonical\" href=\"https:\/\/andre-evard.de\/fr\/paysage\/coucher-de-soleil-1954\/\" \/>\n<meta property=\"og:locale\" content=\"fr_FR\" \/>\n<meta property=\"og:type\" content=\"article\" \/>\n<meta property=\"og:title\" content=\"Coucher de soleil, 1954 - Andr\u00e9 Evard\" \/>\n<meta property=\"og:description\" content=\"Coucher de soleil, 1954, peinture \u00e0 l&#039;huile sur papier, 61 x 73 cm\" \/>\n<meta property=\"og:url\" content=\"https:\/\/andre-evard.de\/fr\/paysage\/coucher-de-soleil-1954\/\" \/>\n<meta property=\"og:site_name\" content=\"Andr\u00e9 Evard\" \/>\n<meta property=\"article:published_time\" content=\"2025-05-07T16:18:34+00:00\" \/>\n<meta property=\"article:modified_time\" content=\"2025-10-12T19:03:25+00:00\" \/>\n<meta property=\"og:image\" content=\"https:\/\/andre-evard.de\/wp-content\/uploads\/2025\/05\/Sonnenuntergang.jpg\" \/>\n\t<meta property=\"og:image:width\" content=\"639\" \/>\n\t<meta property=\"og:image:height\" content=\"528\" \/>\n\t<meta property=\"og:image:type\" content=\"image\/jpeg\" \/>\n<meta name=\"author\" content=\"ErikLachfeld\" \/>\n<meta name=\"twitter:card\" content=\"summary_large_image\" \/>\n<meta name=\"twitter:label1\" content=\"\u00c9crit par\" \/>\n\t<meta name=\"twitter:data1\" content=\"ErikLachfeld\" \/>\n\t<meta name=\"twitter:label2\" content=\"Dur\u00e9e de lecture estim\u00e9e\" \/>\n\t<meta name=\"twitter:data2\" content=\"4 minutes\" \/>\n<script type=\"application\/ld+json\" class=\"yoast-schema-graph\">{\"@context\":\"https:\\\/\\\/schema.org\",\"@graph\":[{\"@type\":\"Article\",\"@id\":\"https:\\\/\\\/andre-evard.de\\\/fr\\\/paysage\\\/coucher-de-soleil-1954\\\/#article\",\"isPartOf\":{\"@id\":\"https:\\\/\\\/andre-evard.de\\\/fr\\\/paysage\\\/coucher-de-soleil-1954\\\/\"},\"author\":{\"name\":\"ErikLachfeld\",\"@id\":\"http:\\\/\\\/andre-evard.de\\\/fr\\\/#\\\/schema\\\/person\\\/94d070d67cd77c7e59d02b583a104044\"},\"headline\":\"Coucher de soleil, 1954\",\"datePublished\":\"2025-05-07T16:18:34+00:00\",\"dateModified\":\"2025-10-12T19:03:25+00:00\",\"mainEntityOfPage\":{\"@id\":\"https:\\\/\\\/andre-evard.de\\\/fr\\\/paysage\\\/coucher-de-soleil-1954\\\/\"},\"wordCount\":754,\"publisher\":{\"@id\":\"http:\\\/\\\/andre-evard.de\\\/fr\\\/#organization\"},\"image\":{\"@id\":\"https:\\\/\\\/andre-evard.de\\\/fr\\\/paysage\\\/coucher-de-soleil-1954\\\/#primaryimage\"},\"thumbnailUrl\":\"https:\\\/\\\/andre-evard.de\\\/wp-content\\\/uploads\\\/2025\\\/05\\\/Sonnenuntergang.jpg\",\"articleSection\":[\"Paysage\"],\"inLanguage\":\"fr-FR\"},{\"@type\":\"WebPage\",\"@id\":\"https:\\\/\\\/andre-evard.de\\\/fr\\\/paysage\\\/coucher-de-soleil-1954\\\/\",\"url\":\"https:\\\/\\\/andre-evard.de\\\/fr\\\/paysage\\\/coucher-de-soleil-1954\\\/\",\"name\":\"Coucher de soleil, 1954 - Andr\u00e9 Evard\",\"isPartOf\":{\"@id\":\"http:\\\/\\\/andre-evard.de\\\/fr\\\/#website\"},\"primaryImageOfPage\":{\"@id\":\"https:\\\/\\\/andre-evard.de\\\/fr\\\/paysage\\\/coucher-de-soleil-1954\\\/#primaryimage\"},\"image\":{\"@id\":\"https:\\\/\\\/andre-evard.de\\\/fr\\\/paysage\\\/coucher-de-soleil-1954\\\/#primaryimage\"},\"thumbnailUrl\":\"https:\\\/\\\/andre-evard.de\\\/wp-content\\\/uploads\\\/2025\\\/05\\\/Sonnenuntergang.jpg\",\"datePublished\":\"2025-05-07T16:18:34+00:00\",\"dateModified\":\"2025-10-12T19:03:25+00:00\",\"breadcrumb\":{\"@id\":\"https:\\\/\\\/andre-evard.de\\\/fr\\\/paysage\\\/coucher-de-soleil-1954\\\/#breadcrumb\"},\"inLanguage\":\"fr-FR\",\"potentialAction\":[{\"@type\":\"ReadAction\",\"target\":[\"https:\\\/\\\/andre-evard.de\\\/fr\\\/paysage\\\/coucher-de-soleil-1954\\\/\"]}]},{\"@type\":\"ImageObject\",\"inLanguage\":\"fr-FR\",\"@id\":\"https:\\\/\\\/andre-evard.de\\\/fr\\\/paysage\\\/coucher-de-soleil-1954\\\/#primaryimage\",\"url\":\"https:\\\/\\\/andre-evard.de\\\/wp-content\\\/uploads\\\/2025\\\/05\\\/Sonnenuntergang.jpg\",\"contentUrl\":\"https:\\\/\\\/andre-evard.de\\\/wp-content\\\/uploads\\\/2025\\\/05\\\/Sonnenuntergang.jpg\",\"width\":639,\"height\":528},{\"@type\":\"BreadcrumbList\",\"@id\":\"https:\\\/\\\/andre-evard.de\\\/fr\\\/paysage\\\/coucher-de-soleil-1954\\\/#breadcrumb\",\"itemListElement\":[{\"@type\":\"ListItem\",\"position\":1,\"name\":\"Accueil\",\"item\":\"https:\\\/\\\/andre-evard.de\\\/fr\\\/\"},{\"@type\":\"ListItem\",\"position\":2,\"name\":\"Coucher de soleil, 1954\"}]},{\"@type\":\"WebSite\",\"@id\":\"http:\\\/\\\/andre-evard.de\\\/fr\\\/#website\",\"url\":\"http:\\\/\\\/andre-evard.de\\\/fr\\\/\",\"name\":\"Andr\u00e9 Evard\",\"description\":\"\",\"publisher\":{\"@id\":\"http:\\\/\\\/andre-evard.de\\\/fr\\\/#organization\"},\"potentialAction\":[{\"@type\":\"SearchAction\",\"target\":{\"@type\":\"EntryPoint\",\"urlTemplate\":\"http:\\\/\\\/andre-evard.de\\\/fr\\\/?s={search_term_string}\"},\"query-input\":{\"@type\":\"PropertyValueSpecification\",\"valueRequired\":true,\"valueName\":\"search_term_string\"}}],\"inLanguage\":\"fr-FR\"},{\"@type\":\"Organization\",\"@id\":\"http:\\\/\\\/andre-evard.de\\\/fr\\\/#organization\",\"name\":\"Andr\u00e9 Evard\",\"url\":\"http:\\\/\\\/andre-evard.de\\\/fr\\\/\",\"logo\":{\"@type\":\"ImageObject\",\"inLanguage\":\"fr-FR\",\"@id\":\"http:\\\/\\\/andre-evard.de\\\/fr\\\/#\\\/schema\\\/logo\\\/image\\\/\",\"url\":\"https:\\\/\\\/andre-evard.de\\\/wp-content\\\/uploads\\\/2025\\\/04\\\/Logo-AE-Black.svg\",\"contentUrl\":\"https:\\\/\\\/andre-evard.de\\\/wp-content\\\/uploads\\\/2025\\\/04\\\/Logo-AE-Black.svg\",\"width\":140,\"height\":30,\"caption\":\"Andr\u00e9 Evard\"},\"image\":{\"@id\":\"http:\\\/\\\/andre-evard.de\\\/fr\\\/#\\\/schema\\\/logo\\\/image\\\/\"}},{\"@type\":\"Person\",\"@id\":\"http:\\\/\\\/andre-evard.de\\\/fr\\\/#\\\/schema\\\/person\\\/94d070d67cd77c7e59d02b583a104044\",\"name\":\"ErikLachfeld\",\"image\":{\"@type\":\"ImageObject\",\"inLanguage\":\"fr-FR\",\"@id\":\"https:\\\/\\\/secure.gravatar.com\\\/avatar\\\/d5d42cc40010ba9998f57d7cebaf2952e1274f5c452ff570f85bbee0f9ecb43a?s=96&d=mm&r=g\",\"url\":\"https:\\\/\\\/secure.gravatar.com\\\/avatar\\\/d5d42cc40010ba9998f57d7cebaf2952e1274f5c452ff570f85bbee0f9ecb43a?s=96&d=mm&r=g\",\"contentUrl\":\"https:\\\/\\\/secure.gravatar.com\\\/avatar\\\/d5d42cc40010ba9998f57d7cebaf2952e1274f5c452ff570f85bbee0f9ecb43a?s=96&d=mm&r=g\",\"caption\":\"ErikLachfeld\"},\"sameAs\":[\"https:\\\/\\\/andre-evard.de\"],\"url\":\"https:\\\/\\\/andre-evard.de\\\/fr\\\/author\\\/eriklachfeld\\\/\"}]}<\/script>\n<!-- \/ Yoast SEO plugin. -->","yoast_head_json":{"title":"Coucher de soleil, 1954 - Andr\u00e9 Evard","robots":{"index":"index","follow":"follow","max-snippet":"max-snippet:-1","max-image-preview":"max-image-preview:large","max-video-preview":"max-video-preview:-1"},"canonical":"https:\/\/andre-evard.de\/fr\/paysage\/coucher-de-soleil-1954\/","og_locale":"fr_FR","og_type":"article","og_title":"Coucher de soleil, 1954 - Andr\u00e9 Evard","og_description":"Coucher de soleil, 1954, peinture \u00e0 l'huile sur papier, 61 x 73 cm","og_url":"https:\/\/andre-evard.de\/fr\/paysage\/coucher-de-soleil-1954\/","og_site_name":"Andr\u00e9 Evard","article_published_time":"2025-05-07T16:18:34+00:00","article_modified_time":"2025-10-12T19:03:25+00:00","og_image":[{"width":639,"height":528,"url":"https:\/\/andre-evard.de\/wp-content\/uploads\/2025\/05\/Sonnenuntergang.jpg","type":"image\/jpeg"}],"author":"ErikLachfeld","twitter_card":"summary_large_image","twitter_misc":{"\u00c9crit par":"ErikLachfeld","Dur\u00e9e de lecture estim\u00e9e":"4 minutes"},"schema":{"@context":"https:\/\/schema.org","@graph":[{"@type":"Article","@id":"https:\/\/andre-evard.de\/fr\/paysage\/coucher-de-soleil-1954\/#article","isPartOf":{"@id":"https:\/\/andre-evard.de\/fr\/paysage\/coucher-de-soleil-1954\/"},"author":{"name":"ErikLachfeld","@id":"http:\/\/andre-evard.de\/fr\/#\/schema\/person\/94d070d67cd77c7e59d02b583a104044"},"headline":"Coucher de soleil, 1954","datePublished":"2025-05-07T16:18:34+00:00","dateModified":"2025-10-12T19:03:25+00:00","mainEntityOfPage":{"@id":"https:\/\/andre-evard.de\/fr\/paysage\/coucher-de-soleil-1954\/"},"wordCount":754,"publisher":{"@id":"http:\/\/andre-evard.de\/fr\/#organization"},"image":{"@id":"https:\/\/andre-evard.de\/fr\/paysage\/coucher-de-soleil-1954\/#primaryimage"},"thumbnailUrl":"https:\/\/andre-evard.de\/wp-content\/uploads\/2025\/05\/Sonnenuntergang.jpg","articleSection":["Paysage"],"inLanguage":"fr-FR"},{"@type":"WebPage","@id":"https:\/\/andre-evard.de\/fr\/paysage\/coucher-de-soleil-1954\/","url":"https:\/\/andre-evard.de\/fr\/paysage\/coucher-de-soleil-1954\/","name":"Coucher de soleil, 1954 - Andr\u00e9 Evard","isPartOf":{"@id":"http:\/\/andre-evard.de\/fr\/#website"},"primaryImageOfPage":{"@id":"https:\/\/andre-evard.de\/fr\/paysage\/coucher-de-soleil-1954\/#primaryimage"},"image":{"@id":"https:\/\/andre-evard.de\/fr\/paysage\/coucher-de-soleil-1954\/#primaryimage"},"thumbnailUrl":"https:\/\/andre-evard.de\/wp-content\/uploads\/2025\/05\/Sonnenuntergang.jpg","datePublished":"2025-05-07T16:18:34+00:00","dateModified":"2025-10-12T19:03:25+00:00","breadcrumb":{"@id":"https:\/\/andre-evard.de\/fr\/paysage\/coucher-de-soleil-1954\/#breadcrumb"},"inLanguage":"fr-FR","potentialAction":[{"@type":"ReadAction","target":["https:\/\/andre-evard.de\/fr\/paysage\/coucher-de-soleil-1954\/"]}]},{"@type":"ImageObject","inLanguage":"fr-FR","@id":"https:\/\/andre-evard.de\/fr\/paysage\/coucher-de-soleil-1954\/#primaryimage","url":"https:\/\/andre-evard.de\/wp-content\/uploads\/2025\/05\/Sonnenuntergang.jpg","contentUrl":"https:\/\/andre-evard.de\/wp-content\/uploads\/2025\/05\/Sonnenuntergang.jpg","width":639,"height":528},{"@type":"BreadcrumbList","@id":"https:\/\/andre-evard.de\/fr\/paysage\/coucher-de-soleil-1954\/#breadcrumb","itemListElement":[{"@type":"ListItem","position":1,"name":"Accueil","item":"https:\/\/andre-evard.de\/fr\/"},{"@type":"ListItem","position":2,"name":"Coucher de soleil, 1954"}]},{"@type":"WebSite","@id":"http:\/\/andre-evard.de\/fr\/#website","url":"http:\/\/andre-evard.de\/fr\/","name":"Andr\u00e9 Evard","description":"","publisher":{"@id":"http:\/\/andre-evard.de\/fr\/#organization"},"potentialAction":[{"@type":"SearchAction","target":{"@type":"EntryPoint","urlTemplate":"http:\/\/andre-evard.de\/fr\/?s={search_term_string}"},"query-input":{"@type":"PropertyValueSpecification","valueRequired":true,"valueName":"search_term_string"}}],"inLanguage":"fr-FR"},{"@type":"Organization","@id":"http:\/\/andre-evard.de\/fr\/#organization","name":"Andr\u00e9 Evard","url":"http:\/\/andre-evard.de\/fr\/","logo":{"@type":"ImageObject","inLanguage":"fr-FR","@id":"http:\/\/andre-evard.de\/fr\/#\/schema\/logo\/image\/","url":"https:\/\/andre-evard.de\/wp-content\/uploads\/2025\/04\/Logo-AE-Black.svg","contentUrl":"https:\/\/andre-evard.de\/wp-content\/uploads\/2025\/04\/Logo-AE-Black.svg","width":140,"height":30,"caption":"Andr\u00e9 Evard"},"image":{"@id":"http:\/\/andre-evard.de\/fr\/#\/schema\/logo\/image\/"}},{"@type":"Person","@id":"http:\/\/andre-evard.de\/fr\/#\/schema\/person\/94d070d67cd77c7e59d02b583a104044","name":"ErikLachfeld","image":{"@type":"ImageObject","inLanguage":"fr-FR","@id":"https:\/\/secure.gravatar.com\/avatar\/d5d42cc40010ba9998f57d7cebaf2952e1274f5c452ff570f85bbee0f9ecb43a?s=96&d=mm&r=g","url":"https:\/\/secure.gravatar.com\/avatar\/d5d42cc40010ba9998f57d7cebaf2952e1274f5c452ff570f85bbee0f9ecb43a?s=96&d=mm&r=g","contentUrl":"https:\/\/secure.gravatar.com\/avatar\/d5d42cc40010ba9998f57d7cebaf2952e1274f5c452ff570f85bbee0f9ecb43a?s=96&d=mm&r=g","caption":"ErikLachfeld"},"sameAs":["https:\/\/andre-evard.de"],"url":"https:\/\/andre-evard.de\/fr\/author\/eriklachfeld\/"}]}},"_links":{"self":[{"href":"https:\/\/andre-evard.de\/fr\/wp-json\/wp\/v2\/posts\/2472","targetHints":{"allow":["GET"]}}],"collection":[{"href":"https:\/\/andre-evard.de\/fr\/wp-json\/wp\/v2\/posts"}],"about":[{"href":"https:\/\/andre-evard.de\/fr\/wp-json\/wp\/v2\/types\/post"}],"author":[{"embeddable":true,"href":"https:\/\/andre-evard.de\/fr\/wp-json\/wp\/v2\/users\/1"}],"replies":[{"embeddable":true,"href":"https:\/\/andre-evard.de\/fr\/wp-json\/wp\/v2\/comments?post=2472"}],"version-history":[{"count":1,"href":"https:\/\/andre-evard.de\/fr\/wp-json\/wp\/v2\/posts\/2472\/revisions"}],"predecessor-version":[{"id":2474,"href":"https:\/\/andre-evard.de\/fr\/wp-json\/wp\/v2\/posts\/2472\/revisions\/2474"}],"wp:featuredmedia":[{"embeddable":true,"href":"https:\/\/andre-evard.de\/fr\/wp-json\/wp\/v2\/media\/2473"}],"wp:attachment":[{"href":"https:\/\/andre-evard.de\/fr\/wp-json\/wp\/v2\/media?parent=2472"}],"wp:term":[{"taxonomy":"category","embeddable":true,"href":"https:\/\/andre-evard.de\/fr\/wp-json\/wp\/v2\/categories?post=2472"},{"taxonomy":"post_tag","embeddable":true,"href":"https:\/\/andre-evard.de\/fr\/wp-json\/wp\/v2\/tags?post=2472"}],"curies":[{"name":"wp","href":"https:\/\/api.w.org\/{rel}","templated":true}]}}